{"id":22023,"date":"2021-01-04T21:54:25","date_gmt":"2021-01-05T03:54:25","guid":{"rendered":"http:\/\/www.zonaroja.com.mx\/?p=22023"},"modified":"2021-01-04T21:54:32","modified_gmt":"2021-01-05T03:54:32","slug":"covid-en-cuatro-dias-de-enero-registra-oaxaca-241-positivos-y-17-decesos","status":"publish","type":"post","link":"https:\/\/zonaroja.com.mx\/?p=22023","title":{"rendered":"Covid: en cuatro d\u00edas de enero, registra Oaxaca 241 positivos y 17 decesos"},"content":{"rendered":"\n<p>Redacci\u00f3n\/Zona Roja.<\/p>\n\n\n\n<p>Oaxaca de Ju\u00e1rez, Oax., 4 de enero de 2021.- En los primeros cuatro d\u00edas del a\u00f1o 2021, en Oaxaca se registraron 241 casos positivos a Covid-19 y 17 fallecimiento, de acuerdo con cifras oficiales.<\/p>\n\n\n\n<p>En un comunicado, la dependencia Servicios de Salud de Oaxaca (SSO) inform\u00f3 que se tiene un total de 28 mil 557 acumulados, siendo la Jurisdicci\u00f3n Sanitaria m\u00e1s afectada Valles Centrales con 19 mil 626 positivos.<\/p>\n\n\n\n<p>Seguido del Istmo con dos mil 474 contagios, Mixteca con dos mil 118, Tuxtepec con mil 978, Costa con mil 453 y Sierra con 908.<\/p>\n\n\n\n<p>Detall\u00f3 que actualmente existen en el estado 416 personas que cursan con la enfermedad respiratoria en etapa activa, con la mayor incidencia en Valles Centrales y la Mixteca.<\/p>\n\n\n\n<figure class=\"wp-block-embed-twitter wp-block-embed is-type-rich is-provider-twitter\"><div class=\"wp-block-embed__wrapper\">\n<div class=\"twitter-tweet\"><blockquote class=\"twitter-tweet\" data-lang=\"es\"><p lang=\"es\" dir=\"ltr\"><a href=\"https:\/\/twitter.com\/hashtag\/%C3%9AltimoMinuto?src=hash&amp;ref_src=twsrc%5Etfw\">#\u00daltimoMinuto<\/a> <br>Este lunes, inicio de tercera semana en sem\u00e1foro naranja, los Servicios de Salud de <a href=\"https:\/\/twitter.com\/hashtag\/Oaxaca?src=hash&amp;ref_src=twsrc%5Etfw\">#Oaxaca<\/a> reportaron 33 casos positivos a Covid y seis decesos. <br>Del 1 al 4 de enero, se acumularon 241 nuevos casos. <br>En total, dos mil 143 fallecimientos y 28 mil 557 confirmados. <a href=\"https:\/\/t.co\/aT0ZA2OnEO\">pic.twitter.com\/aT0ZA2OnEO<\/a><\/p>&mdash; Zona Roja Oaxaca (@MexRoja) <a href=\"https:\/\/twitter.com\/MexRoja\/status\/1346292202033586177?ref_src=twsrc%5Etfw\">5 de enero de 2021<\/a><\/blockquote><\/div>\n<\/div><\/figure>\n\n\n\n<p>Especific\u00f3 que actualmente se tiene un global de 45 mil 444 personas que han presentado s\u00edntomas relacionados con la enfermedad, 12 mil 781 negativos, cuatro mil 106 sospechosos y 26 mil 014 recuperados.<\/p>\n\n\n\n<p>Enfatiz\u00f3 que la cifra de defunciones en este \u00faltimo corte epidemiol\u00f3gico subi\u00f3 a dos mil 143 decesos, seis m\u00e1s con respecto al d\u00eda de ayer, siendo los grupos de edad con alta mortalidad, los mayores de 50 a\u00f1os, quienes al momento suman el 83.4% del total de muertes.<\/p>\n\n\n\n<p>Por otra parte, el n\u00famero de personas que requirieron hospitalizaci\u00f3n desde que inici\u00f3 la pandemia alcanz\u00f3 los cinco mil 072 pacientes y 23 mil 485 casos ambulatorios.<\/p>\n\n\n\n<p>En cuanto a la atenci\u00f3n m\u00e9dica, al corte de este 4 de enero, la ocupaci\u00f3n de hospitalaria se encuentra al 49.5% en general, 55.1% corresponde a camas sin ventilador y el 38% a terapia intensiva.<\/p>\n","protected":false},"excerpt":{"rendered":"<p>Redacci\u00f3n\/Zona Roja. Oaxaca de Ju\u00e1rez, Oax., 4 de enero de 2021.- En los primeros cuatro&hellip;<\/p>\n","protected":false},"author":2,"featured_media":22024,"comment_status":"closed","ping_status":"open","sticky":false,"template":"","format":"standard","meta":{"_lmt_disableupdate":"","_lmt_disable":"","_jetpack_memberships_contains_paid_content":false,"footnotes":""},"categories":[109,47],"tags":[1512],"class_list":["post-22023","post","type-post","status-publish","format-standard","has-post-thumbnail","hentry","category-minuto-a-minuto","category-zona-gris","tag-coronavirus-oaxaca"],"jetpack_featured_media_url":"https:\/\/zonaroja.com.mx\/wp-content\/uploads\/2021\/01\/SSO-1-2.jpeg","jetpack_sharing_enabled":true,"_links":{"self":[{"href":"https:\/\/zonaroja.com.mx\/index.php?rest_route=\/wp\/v2\/posts\/22023","targetHints":{"allow":["GET"]}}],"collection":[{"href":"https:\/\/zonaroja.com.mx\/index.php?rest_route=\/wp\/v2\/posts"}],"about":[{"href":"https:\/\/zonaroja.com.mx\/index.php?rest_route=\/wp\/v2\/types\/post"}],"author":[{"embeddable":true,"href":"https:\/\/zonaroja.com.mx\/index.php?rest_route=\/wp\/v2\/users\/2"}],"replies":[{"embeddable":true,"href":"https:\/\/zonaroja.com.mx\/index.php?rest_route=%2Fwp%2Fv2%2Fcomments&post=22023"}],"version-history":[{"count":1,"href":"https:\/\/zonaroja.com.mx\/index.php?rest_route=\/wp\/v2\/posts\/22023\/revisions"}],"predecessor-version":[{"id":22025,"href":"https:\/\/zonaroja.com.mx\/index.php?rest_route=\/wp\/v2\/posts\/22023\/revisions\/22025"}],"wp:featuredmedia":[{"embeddable":true,"href":"https:\/\/zonaroja.com.mx\/index.php?rest_route=\/wp\/v2\/media\/22024"}],"wp:attachment":[{"href":"https:\/\/zonaroja.com.mx\/index.php?rest_route=%2Fwp%2Fv2%2Fmedia&parent=22023"}],"wp:term":[{"taxonomy":"category","embeddable":true,"href":"https:\/\/zonaroja.com.mx\/index.php?rest_route=%2Fwp%2Fv2%2Fcategories&post=22023"},{"taxonomy":"post_tag","embeddable":true,"href":"https:\/\/zonaroja.com.mx\/index.php?rest_route=%2Fwp%2Fv2%2Ftags&post=22023"}],"curies":[{"name":"wp","href":"https:\/\/api.w.org\/{rel}","templated":true}]}}