{"id":22035,"date":"2021-01-05T08:07:28","date_gmt":"2021-01-05T14:07:28","guid":{"rendered":"http:\/\/www.zonaroja.com.mx\/?p=22035"},"modified":"2021-01-05T08:08:02","modified_gmt":"2021-01-05T14:08:02","slug":"por-incidir-en-actos-contra-la-salud-insistiran-en-revocacion-de-mandato-para-garcia-jarquin","status":"publish","type":"post","link":"https:\/\/zonaroja.com.mx\/?p=22035","title":{"rendered":"Por incidir en actos contra la salud, insistir\u00e1n en revocaci\u00f3n de mandato para Garc\u00eda Jarqu\u00edn"},"content":{"rendered":"\n<p>Yuridiana Sosa\/Zona Roja.<\/p>\n\n\n\n<p>Oaxaca de Ju\u00e1rez, Oax., 5 de enero de 2021.- Permitir la instalaci\u00f3n de la verbena de juguetes con motivo de D\u00eda de Reyes en inmediaciones de la Central de Abasto, en la capital oaxaque\u00f1a, es un acto de la autoridad municipal que atenta contra la salud de los ciudadanos frente a la contingencia de Covid-19, asever\u00f3 el diputado local de Oaxaca, C\u00e9sar Morales Ni\u00f1o.<\/p>\n\n\n\n<p>El legislador por el Partido del Trabajo se\u00f1al\u00f3 que verificar\u00e1 la forma en que se lleva a cabo la vendimia en medio de la pandemia, pues cada a\u00f1o es motivo de aglomeraci\u00f3n de personas para la compra de juguetes, por lo que de comprobarse que no se respetan las disposiciones para evitar la propagaci\u00f3n del virus iniciar\u00e1 con los procesos para la revocaci\u00f3n de mandato de Oswaldo Garc\u00eda Jarqu\u00edn.<\/p>\n\n\n\n<p>Esta es la segunda ocasi\u00f3n en que de forma destacada el gobierno municipal de Oaxaca de Ju\u00e1rez se ve involucrado por acci\u00f3n u omisi\u00f3n en el desarrollo de actividades que motivan a la concentraci\u00f3n masiva de personas.<\/p>\n\n\n\n<p>La primera ocasi\u00f3n fue por festividades de D\u00edas de Muertos, donde se distinguieron cenas en restaurantes y numerosas fiestas; as\u00ed como un andador tur\u00edstico abarrotado; por esta situaci\u00f3n se inici\u00f3 el proceso ante la Comisi\u00f3n de Gobernaci\u00f3n de la 64 Legislatura para revocaci\u00f3n de mando.<\/p>\n\n\n\n<p>Morales Ni\u00f1o asegur\u00f3 que el supuesto repunte de la econom\u00eda local, como lo justifican algunos l\u00edderes que viven de las cuotas de comerciantes, no puede estar por encima de la salud p\u00fablica de los oaxaque\u00f1os.<\/p>\n\n\n\n<p>Pero es m\u00e1s reprobable que ducha autorizaci\u00f3n para ese tianguis est\u00e9 basada en presiones de l\u00edderes e intereses pol\u00edticos frente a un proceso electoral, agreg\u00f3.<\/p>\n\n\n\n<p>El escenario es m\u00e1s grave si se considera que la capital es pr\u00e1cticamente sem\u00e1foro rojo por el repunte de contagio Covid-19, defunciones y por las crecientes demanda en los hospitales, as\u00ed como que la propia Central de Abasto se ha considerado una zona de alta riego por la cantidad de movimiento social que ah\u00ed se desarrolla, apunt\u00f3 Morales Ni\u00f1o.<\/p>\n\n\n\n<p>El diputado dijo que insistieran a la Comisi\u00f3n de Gobernaci\u00f3n para que analice los casos presentados para la revocaci\u00f3n de mandatos para los municipios de San Pedro Ixtlahuaca, Heroica Ciudad de Tlaxiaco y Oaxaca de Ju\u00e1rez, quienes meses atr\u00e1s incurrieron en actos contra la salud p\u00fablica en medio de la contingencia.<\/p>\n\n\n\n<p>En tanto, a\u00fan no se cuenta con pruebas o denuncias directas ante el Congreso de Oaxaca de hechos que han acontecido en otros municipios, donde se han realizado fiestas.<\/p>\n","protected":false},"excerpt":{"rendered":"<p>Yuridiana Sosa\/Zona Roja. Oaxaca de Ju\u00e1rez, Oax., 5 de enero de 2021.- Permitir la instalaci\u00f3n&hellip;<\/p>\n","protected":false},"author":2,"featured_media":22036,"comment_status":"closed","ping_status":"open","sticky":false,"template":"","format":"standard","meta":{"_lmt_disableupdate":"","_lmt_disable":"","_jetpack_memberships_contains_paid_content":false,"footnotes":""},"categories":[109,47],"tags":[612],"class_list":["post-22035","post","type-post","status-publish","format-standard","has-post-thumbnail","hentry","category-minuto-a-minuto","category-zona-gris","tag-cesar-morales-nino"],"jetpack_featured_media_url":"https:\/\/zonaroja.com.mx\/wp-content\/uploads\/2021\/01\/Tianguis-ciudad-de-Oaxaca.jpg","jetpack_sharing_enabled":true,"_links":{"self":[{"href":"https:\/\/zonaroja.com.mx\/index.php?rest_route=\/wp\/v2\/posts\/22035","targetHints":{"allow":["GET"]}}],"collection":[{"href":"https:\/\/zonaroja.com.mx\/index.php?rest_route=\/wp\/v2\/posts"}],"about":[{"href":"https:\/\/zonaroja.com.mx\/index.php?rest_route=\/wp\/v2\/types\/post"}],"author":[{"embeddable":true,"href":"https:\/\/zonaroja.com.mx\/index.php?rest_route=\/wp\/v2\/users\/2"}],"replies":[{"embeddable":true,"href":"https:\/\/zonaroja.com.mx\/index.php?rest_route=%2Fwp%2Fv2%2Fcomments&post=22035"}],"version-history":[{"count":1,"href":"https:\/\/zonaroja.com.mx\/index.php?rest_route=\/wp\/v2\/posts\/22035\/revisions"}],"predecessor-version":[{"id":22037,"href":"https:\/\/zonaroja.com.mx\/index.php?rest_route=\/wp\/v2\/posts\/22035\/revisions\/22037"}],"wp:featuredmedia":[{"embeddable":true,"href":"https:\/\/zonaroja.com.mx\/index.php?rest_route=\/wp\/v2\/media\/22036"}],"wp:attachment":[{"href":"https:\/\/zonaroja.com.mx\/index.php?rest_route=%2Fwp%2Fv2%2Fmedia&parent=22035"}],"wp:term":[{"taxonomy":"category","embeddable":true,"href":"https:\/\/zonaroja.com.mx\/index.php?rest_route=%2Fwp%2Fv2%2Fcategories&post=22035"},{"taxonomy":"post_tag","embeddable":true,"href":"https:\/\/zonaroja.com.mx\/index.php?rest_route=%2Fwp%2Fv2%2Ftags&post=22035"}],"curies":[{"name":"wp","href":"https:\/\/api.w.org\/{rel}","templated":true}]}}