{"id":22038,"date":"2021-01-05T08:16:03","date_gmt":"2021-01-05T14:16:03","guid":{"rendered":"http:\/\/www.zonaroja.com.mx\/?p=22038"},"modified":"2021-01-05T08:16:45","modified_gmt":"2021-01-05T14:16:45","slug":"maria-reyna-de-soprano-internacional-a-sencilla-autoridad-de-su-pueblo","status":"publish","type":"post","link":"https:\/\/zonaroja.com.mx\/?p=22038","title":{"rendered":"Mar\u00eda Reyna: de soprano internacional a sencilla autoridad de su pueblo"},"content":{"rendered":"\n<p>Evlin Arag\u00f3n\/Zona Roja.<\/p>\n\n\n\n<p>Oaxaca de Ju\u00e1rez, Oax., 5 de enero de 2021.- \u201cAgradecida con la vida y con mi gente por los aprendizajes y el crecimiento que tuve, por regresarme a mi ra\u00edz y conocer el ser que todo llevamos por dentro\u201d.<\/p>\n\n\n\n<p>Son las palabras de la reconocida soprano mixe Mar\u00eda Reyna, quien este fin de semana termino el encargo de estar al frente de la regidur\u00eda de Salud del municipio de Santa Mar\u00eda Tlahuiltoltepec, lugar de origen de la joven.<\/p>\n\n\n\n<p>\u201cGracias a todos los que formaron parte del cabildo 2020, en especial a mi equipo en la Regidur\u00eda de Salud y a quienes me acompa\u00f1aron aconsej\u00e1ndome y ayud\u00e1ndome a mantenerme en pie\u201d.<\/p>\n\n\n\n<p>Y es que este fin de semana se llev\u00f3 a cabo la entrega del bast\u00f3n de mando y con ello el cambio de autoridad municipal, la cual se elige mediante usos y costumbre de la comunidad y teniendo como modalidad la Asamblea General en la que por voto directo se establecen a las autoridades que estar\u00e1n en el cargo por un a\u00f1o.<\/p>\n\n\n\n<p>De ah\u00ed que la soprano utilizara sus redes sociales para agradecer el apoyo de la comunidad y sus habitantes para sortear el cargo, particularmente en un a\u00f1o complicado para la salud en todo el mundo.<\/p>\n\n\n\n<figure class=\"wp-block-image size-large\"><img decoding=\"async\" width=\"705\" height=\"960\" src=\"http:\/\/www.zonaroja.com.mx\/wp-content\/uploads\/2021\/01\/Maria-Reyna-autoridad-2.jpg\" alt=\"\" class=\"wp-image-22040\" srcset=\"https:\/\/zonaroja.com.mx\/wp-content\/uploads\/2021\/01\/Maria-Reyna-autoridad-2.jpg 705w, https:\/\/zonaroja.com.mx\/wp-content\/uploads\/2021\/01\/Maria-Reyna-autoridad-2-220x300.jpg 220w, https:\/\/zonaroja.com.mx\/wp-content\/uploads\/2021\/01\/Maria-Reyna-autoridad-2-585x797.jpg 585w\" sizes=\"(max-width: 705px) 100vw, 705px\" \/><\/figure>\n\n\n\n<p>\u201cEste a\u00f1o tan complicado significo para m\u00ed un reto y una oportunidad de aprender, un a\u00f1o en el que fui honrada con la oportunidad de servir a mi gente y a la m\u00fasica, que me trajo bendiciones y arraigo a pesar de la las adversidades permiti\u00e9ndome reencontrarme con mi ser y mi crecer\u201d, refiri\u00f3 como parte su cierre de a\u00f1o.<\/p>\n\n\n\n<p>En sus mismas redes sociales fue felicitada en reiteradas ocasiones ya que sus seguidores celebraron que, aunque no dejo la m\u00fasica en ning\u00fan momento, se dedicara a cumplir con su comunidad tal y como lo establecen las tradiciones.<\/p>\n\n\n\n<p>Este fin de semana, Lorenzo P\u00e9rez Gonz\u00e1lez recibi\u00f3 el bast\u00f3n de mando como presidente municipal de la localidad, en una ceremonia sumamente concurrida y cumpliendo con el uso de cubrebocas, lo que habla de la organizaci\u00f3n e importancia que tiene para sus pobladores el cambio de autoridades.<\/p>\n\n\n\n<p>P\u00e9rez Gonz\u00e1lez se hizo acompa\u00f1ar de una gran comitiva que conforma la autoridad para este 2021, dado que la localidad renueva a sus representantes cada a\u00f1o, como lo establecen sus usos y costumbres.<\/p>\n","protected":false},"excerpt":{"rendered":"<p>Evlin Arag\u00f3n\/Zona Roja. Oaxaca de Ju\u00e1rez, Oax., 5 de enero de 2021.- \u201cAgradecida con la&hellip;<\/p>\n","protected":false},"author":2,"featured_media":22039,"comment_status":"closed","ping_status":"open","sticky":false,"template":"","format":"standard","meta":{"_lmt_disableupdate":"","_lmt_disable":"","_jetpack_memberships_contains_paid_content":false,"footnotes":""},"categories":[109,46],"tags":[1273],"class_list":["post-22038","post","type-post","status-publish","format-standard","has-post-thumbnail","hentry","category-minuto-a-minuto","category-zona-blanca","tag-soprano-maria-reyna"],"jetpack_featured_media_url":"https:\/\/zonaroja.com.mx\/wp-content\/uploads\/2021\/01\/Maria-Reyna-autoridad-1.jpg","jetpack_sharing_enabled":true,"_links":{"self":[{"href":"https:\/\/zonaroja.com.mx\/index.php?rest_route=\/wp\/v2\/posts\/22038","targetHints":{"allow":["GET"]}}],"collection":[{"href":"https:\/\/zonaroja.com.mx\/index.php?rest_route=\/wp\/v2\/posts"}],"about":[{"href":"https:\/\/zonaroja.com.mx\/index.php?rest_route=\/wp\/v2\/types\/post"}],"author":[{"embeddable":true,"href":"https:\/\/zonaroja.com.mx\/index.php?rest_route=\/wp\/v2\/users\/2"}],"replies":[{"embeddable":true,"href":"https:\/\/zonaroja.com.mx\/index.php?rest_route=%2Fwp%2Fv2%2Fcomments&post=22038"}],"version-history":[{"count":1,"href":"https:\/\/zonaroja.com.mx\/index.php?rest_route=\/wp\/v2\/posts\/22038\/revisions"}],"predecessor-version":[{"id":22041,"href":"https:\/\/zonaroja.com.mx\/index.php?rest_route=\/wp\/v2\/posts\/22038\/revisions\/22041"}],"wp:featuredmedia":[{"embeddable":true,"href":"https:\/\/zonaroja.com.mx\/index.php?rest_route=\/wp\/v2\/media\/22039"}],"wp:attachment":[{"href":"https:\/\/zonaroja.com.mx\/index.php?rest_route=%2Fwp%2Fv2%2Fmedia&parent=22038"}],"wp:term":[{"taxonomy":"category","embeddable":true,"href":"https:\/\/zonaroja.com.mx\/index.php?rest_route=%2Fwp%2Fv2%2Fcategories&post=22038"},{"taxonomy":"post_tag","embeddable":true,"href":"https:\/\/zonaroja.com.mx\/index.php?rest_route=%2Fwp%2Fv2%2Ftags&post=22038"}],"curies":[{"name":"wp","href":"https:\/\/api.w.org\/{rel}","templated":true}]}}