{"id":22045,"date":"2021-01-05T08:21:36","date_gmt":"2021-01-05T14:21:36","guid":{"rendered":"http:\/\/www.zonaroja.com.mx\/?p=22045"},"modified":"2021-01-05T11:15:40","modified_gmt":"2021-01-05T17:15:40","slug":"pemex","status":"publish","type":"post","link":"https:\/\/zonaroja.com.mx\/?p=22045","title":{"rendered":"Fueron al menos cuatro explosiones las registradas en refiner\u00eda; Pemex miniza"},"content":{"rendered":"\n<p>Redacci\u00f3n\/Zona Roja.<\/p>\n\n\n\n<p>Oaxaca de Ju\u00e1rez, Oax., 5 de enero de 2021.- Fueron al menos cuatro explosiones las que se registraron este lunes 4 de enero en la refiner\u00eda \u201cIng. Antonio Doval\u00ed Jaime\u201d de Salina Cruz.<\/p>\n\n\n\n<p>Sin embargo, Petr\u00f3leos Mexicanos (Pemex) minimiz\u00f3 los hechos y dijo que no hubo mayores afectaciones. El a\u00f1o pasado, se registraron al menos cinco incidentes en las instalaciones.<\/p>\n\n\n\n<p>Fueron los propios trabajadores quienes difundieron ayer fotograf\u00edas y videos del desastre ocurrido en la Estaci\u00f3n Primaria 1.<\/p>\n\n\n\n<p>Personal contra incendios de la refiner\u00eda sofoc\u00f3 el fuego en una de las torres y tras lo cual, por la noche de ayer, dijo que no hubo da\u00f1os materiales y humanos.<\/p>\n\n\n\n<p>Sin embargo, contradice la versi\u00f3n de los propios trabajadores que han denunciado continuas fallas.<\/p>\n\n\n\n<p>\u00abHoy, en el interior de la refiner\u00eda de Pemex en Salina Cruz, se registraron una serie de detonaciones moderadas con presencia de fuego en la red de drenaje aceitoso de la calle 6, ubicado a un costado de la planta Primaria 1.<\/p>\n\n\n\n<p>\u00abDe forma inmediata, personal de contra incendio de la empresa productiva del Estado activ\u00f3 los protocolos de seguridad y atenci\u00f3n a emergencias, logrando el control del fuego y sofocado del mismo\u00bb, asegur\u00f3 Pemex en un comunicado.<\/p>\n\n\n\n<p>No obstante, apenas el pasado 31 de diciembre de 2020, registr\u00f3 un incendio en un oleogasoducto que transportaba producci\u00f3n de plataformas marinas hacia la Bater\u00eda de Separaci\u00f3n Litoral.<\/p>\n\n\n\n<p>En tanto, que durante el a\u00f1o pasado fueron al menos cinco accidentes registrados en dicha refiner\u00eda, a cargo de la Secretar\u00eda de Energ\u00eda federal.<\/p>\n","protected":false},"excerpt":{"rendered":"<p>Redacci\u00f3n\/Zona Roja. Oaxaca de Ju\u00e1rez, Oax., 5 de enero de 2021.- Fueron al menos cuatro&hellip;<\/p>\n","protected":false},"author":2,"featured_media":22046,"comment_status":"closed","ping_status":"open","sticky":false,"template":"","format":"standard","meta":{"_lmt_disableupdate":"","_lmt_disable":"","_jetpack_memberships_contains_paid_content":false,"footnotes":""},"categories":[109,47],"tags":[2341],"class_list":["post-22045","post","type-post","status-publish","format-standard","has-post-thumbnail","hentry","category-minuto-a-minuto","category-zona-gris","tag-refineria-ing-antonio-dovali-jaime-salina-cruz"],"jetpack_featured_media_url":"https:\/\/zonaroja.com.mx\/wp-content\/uploads\/2021\/01\/Explosion-Pemex.jpg","jetpack_sharing_enabled":true,"_links":{"self":[{"href":"https:\/\/zonaroja.com.mx\/index.php?rest_route=\/wp\/v2\/posts\/22045","targetHints":{"allow":["GET"]}}],"collection":[{"href":"https:\/\/zonaroja.com.mx\/index.php?rest_route=\/wp\/v2\/posts"}],"about":[{"href":"https:\/\/zonaroja.com.mx\/index.php?rest_route=\/wp\/v2\/types\/post"}],"author":[{"embeddable":true,"href":"https:\/\/zonaroja.com.mx\/index.php?rest_route=\/wp\/v2\/users\/2"}],"replies":[{"embeddable":true,"href":"https:\/\/zonaroja.com.mx\/index.php?rest_route=%2Fwp%2Fv2%2Fcomments&post=22045"}],"version-history":[{"count":2,"href":"https:\/\/zonaroja.com.mx\/index.php?rest_route=\/wp\/v2\/posts\/22045\/revisions"}],"predecessor-version":[{"id":22050,"href":"https:\/\/zonaroja.com.mx\/index.php?rest_route=\/wp\/v2\/posts\/22045\/revisions\/22050"}],"wp:featuredmedia":[{"embeddable":true,"href":"https:\/\/zonaroja.com.mx\/index.php?rest_route=\/wp\/v2\/media\/22046"}],"wp:attachment":[{"href":"https:\/\/zonaroja.com.mx\/index.php?rest_route=%2Fwp%2Fv2%2Fmedia&parent=22045"}],"wp:term":[{"taxonomy":"category","embeddable":true,"href":"https:\/\/zonaroja.com.mx\/index.php?rest_route=%2Fwp%2Fv2%2Fcategories&post=22045"},{"taxonomy":"post_tag","embeddable":true,"href":"https:\/\/zonaroja.com.mx\/index.php?rest_route=%2Fwp%2Fv2%2Ftags&post=22045"}],"curies":[{"name":"wp","href":"https:\/\/api.w.org\/{rel}","templated":true}]}}