{"id":22052,"date":"2021-01-05T15:17:33","date_gmt":"2021-01-05T21:17:33","guid":{"rendered":"https:\/\/www.zonaroja.com.mx\/?p=22052"},"modified":"2021-01-05T15:17:36","modified_gmt":"2021-01-05T21:17:36","slug":"continua-tension-en-zona-triqui-habitantes-de-tierra-blanca-se-dicen-amenazados","status":"publish","type":"post","link":"https:\/\/zonaroja.com.mx\/?p=22052","title":{"rendered":"Contin\u00faa tensi\u00f3n en zona triqui; habitantes de Tierra Blanca se dicen amenazados"},"content":{"rendered":"\n<p>Evlin Arag\u00f3n\/Zona Roja.<\/p>\n\n\n\n<p>Oaxaca de Ju\u00e1rez, Oax., 5 de diciembre de 2020.- Habitantes de Tierra Blanca, perteneciente al municipio de Santiago Juxtlahuaca, exigieron la salida de grupos paramilitares de la regi\u00f3n triqui, encabezados por el Movimiento de Unificaci\u00f3n de Lucha Triqui Independiente (MULTI) y la Confederaci\u00f3n Nacional Campesina (CNC).&nbsp;&nbsp;<\/p>\n\n\n\n<p>Lo anterior debido al bloqueo carretero que se registra en la zona desde hace dos d\u00edas y el desplazamiento forzado de familias ind\u00edgenas, ante la presencia de grupos armados, liderados por dichas organizaciones.&nbsp;&nbsp;<\/p>\n\n\n\n<p>La tensi\u00f3n se reaviv\u00f3 desde el pasado 26 de diciembre, situaci\u00f3n de la cual responsabilizan a Macario Garc\u00eda Merino, dirigente del MULTI, quien ha agredido a la comunidad desde inicios del 2019 junto con Marcos Garc\u00eda de Jes\u00fas, sin que la autoridad municipal y estatal haga algo al respecto, convirti\u00e9ndolos en blancos f\u00e1ciles de emboscadas y ataques directos,&nbsp;&nbsp;<\/p>\n\n\n\n<p class=\"MsoNormal\">\u201cHan armado un cerco paramilitar desde el 26 de diciembre y hoy quieren desviar la atenci\u00f3n para ocultar sus fines perversos y de doble caras, estamos denunciando a Macario Garc\u00eda Merino por bloquear la carretera desde la comunidad de Carrizal que se dirige a Tierra Blanca violando nuestro derecho humano de libre tr\u00e1nsito y con la finalidad criminal de dejar sin v\u00edveres a nuestra gente\u201d, refiere el comunicado emitido por la poblaci\u00f3n.&nbsp;<\/p>\n\n\n\n<p class=\"MsoNormal\">Denunciaron el doble discurso del l\u00edder del MULTI, que por un lado promueva la paz y por otro env\u00eda a personas armadas para atacar a la poblaci\u00f3n, claro ejemplo las emboscadas registradas el 25 de diciembre, 16 y 1 de noviembre del 2020, dejando una persona muerta y varios heridos.&nbsp;&nbsp;<\/p>\n\n\n\n<p class=\"MsoNormal\">A\u00fan pese a la violencia que han ejercido en su contra, aseguraron que no se van a adherir a ninguna organizaci\u00f3n que utilice paramilitares para sembrar discordias, terror&nbsp;y muerte, en una regi\u00f3n en la que se han aprovechado de la nobleza de su gente.&nbsp;<\/p>\n\n\n\n<p class=\"MsoNormal\">Y es que las y los habitantes de Tierra Blanca no han sido los \u00fanicos desplazados, ya que pobladores de Yosoyuxi, Paraje P\u00e9rez, Agua Fr\u00eda y Ojo de Agua Copala han corrido con la misma suerte.&nbsp;&nbsp;<\/p>\n\n\n\n<p class=\"MsoNormal\">De ah\u00ed que recriminaron la falta de inter\u00e9s por parte de los gobiernos federal y estatal para restablecer la paz social en la zona, pese los asesinatos de ni\u00f1as, ni\u00f1os, mujeres y hombres, as\u00ed como el desplazamiento forzado permanente. A la par que insistieron en la urgencia de una mesa de paz.&nbsp;&nbsp;<\/p>\n\n\n\n<p class=\"MsoNormal\">&nbsp;PIDEN SEGURIDAD<\/p>\n\n\n\n<p class=\"MsoNormal\">Por su parte, integrantes de la Unidad de Bienestar Social de la Regi\u00f3n Triqui (Ubisort) solicitaron la presencia de la Guardia Nacional y los cuerpos de seguridad del estado en la zona triqui, a fin de garantizar la seguridad de las familias desplazadas.&nbsp;<\/p>\n\n\n\n<p class=\"MsoNormal\">\u201cAnte la inminente escalada de violencia en nuestra etnia triqui, la Ubisort exige de manera inmediata que el gobierno del estado convoque de manera urgente a las partes involucradas, pidiendo la salida de gente externa y de los paramilitares que sitiaron y desplazaron a los hermanos de tierra blanca y que s\u00f3lo intentan derramar m\u00e1s sangre de hermanos triquis\u201d, refirieron en sus redes sociales.  <\/p>\n","protected":false},"excerpt":{"rendered":"<p>Evlin Arag\u00f3n\/Zona Roja. Oaxaca de Ju\u00e1rez, Oax., 5 de diciembre de 2020.- Habitantes de Tierra&hellip;<\/p>\n","protected":false},"author":2,"featured_media":22051,"comment_status":"closed","ping_status":"open","sticky":false,"template":"","format":"standard","meta":{"_lmt_disableupdate":"","_lmt_disable":"","_jetpack_memberships_contains_paid_content":false,"footnotes":""},"categories":[109,47],"tags":[],"class_list":["post-22052","post","type-post","status-publish","format-standard","has-post-thumbnail","hentry","category-minuto-a-minuto","category-zona-gris"],"jetpack_featured_media_url":"https:\/\/zonaroja.com.mx\/wp-content\/uploads\/2021\/01\/img_0051.jpg","jetpack_sharing_enabled":true,"_links":{"self":[{"href":"https:\/\/zonaroja.com.mx\/index.php?rest_route=\/wp\/v2\/posts\/22052","targetHints":{"allow":["GET"]}}],"collection":[{"href":"https:\/\/zonaroja.com.mx\/index.php?rest_route=\/wp\/v2\/posts"}],"about":[{"href":"https:\/\/zonaroja.com.mx\/index.php?rest_route=\/wp\/v2\/types\/post"}],"author":[{"embeddable":true,"href":"https:\/\/zonaroja.com.mx\/index.php?rest_route=\/wp\/v2\/users\/2"}],"replies":[{"embeddable":true,"href":"https:\/\/zonaroja.com.mx\/index.php?rest_route=%2Fwp%2Fv2%2Fcomments&post=22052"}],"version-history":[{"count":1,"href":"https:\/\/zonaroja.com.mx\/index.php?rest_route=\/wp\/v2\/posts\/22052\/revisions"}],"predecessor-version":[{"id":22053,"href":"https:\/\/zonaroja.com.mx\/index.php?rest_route=\/wp\/v2\/posts\/22052\/revisions\/22053"}],"wp:featuredmedia":[{"embeddable":true,"href":"https:\/\/zonaroja.com.mx\/index.php?rest_route=\/wp\/v2\/media\/22051"}],"wp:attachment":[{"href":"https:\/\/zonaroja.com.mx\/index.php?rest_route=%2Fwp%2Fv2%2Fmedia&parent=22052"}],"wp:term":[{"taxonomy":"category","embeddable":true,"href":"https:\/\/zonaroja.com.mx\/index.php?rest_route=%2Fwp%2Fv2%2Fcategories&post=22052"},{"taxonomy":"post_tag","embeddable":true,"href":"https:\/\/zonaroja.com.mx\/index.php?rest_route=%2Fwp%2Fv2%2Ftags&post=22052"}],"curies":[{"name":"wp","href":"https:\/\/api.w.org\/{rel}","templated":true}]}}