{"id":22057,"date":"2021-01-05T16:55:37","date_gmt":"2021-01-05T22:55:37","guid":{"rendered":"http:\/\/www.zonaroja.com.mx\/?p=22057"},"modified":"2021-01-05T16:55:41","modified_gmt":"2021-01-05T22:55:41","slug":"busca-diputada-garantizar-gratuidad-de-estacionamientos-de-plazas-comerciales","status":"publish","type":"post","link":"https:\/\/zonaroja.com.mx\/?p=22057","title":{"rendered":"Busca diputada garantizar gratuidad de estacionamientos de plazas comerciales"},"content":{"rendered":"\n<p>Redacci\u00f3n\/Zona Roja.<\/p>\n\n\n\n<p>Oaxaca de Ju\u00e1rez, Oax., 5 de enero 2021.- Durante los \u00faltimos a\u00f1os los centros y plazas comerciales de Oaxaca han optado por el cobro de estacionamiento a los clientes que acuden a realizar sus compras.<\/p>\n\n\n\n<p>Esta situaci\u00f3n podr\u00eda llegar a su fin de aprobarse la propuesta de la diputada Elisa Zepeda Lagunas, la cual busca reformar el art\u00edculo 4 y adicionar el art\u00edculo 24 Bis de la Ley de Movilidad del Estado.<\/p>\n\n\n\n<p>La legisladora por el Partido Morena propone que el estacionamiento de los supermercados, plazas comerciales, tiendas de autoservicio o restaurantes, se considere como un servicio que el establecimiento ofrece por las compras o consumos que las familias oaxaque\u00f1as realizan.<\/p>\n\n\n\n<p>Zepeda Lagunas se\u00f1al\u00f3 que las personas deber\u00e1n acreditar su calidad de cliente de los establecimientos sin que esto sirva como argumento para&nbsp; que las empresas establezcan un consumo m\u00ednimo&nbsp; a las familias que acuden a hacer sus compras.<\/p>\n\n\n\n<p>Refiri\u00f3 que su propuesta busca amortiguar la econom\u00eda familiar que se ha visto afectada por la contingencia de Covid-19, adem\u00e1s, de hacer valer los derechos que toda persona tiene a la movilidad.<\/p>\n\n\n\n<p>La propuesta legislativa fue turnado a la Comisi\u00f3n Permanente de Movilidad del Congreso de Oaxaca, para su an\u00e1lisis y dictaminaci\u00f3n pr\u00f3xima.<\/p>\n","protected":false},"excerpt":{"rendered":"<p>Redacci\u00f3n\/Zona Roja. Oaxaca de Ju\u00e1rez, Oax., 5 de enero 2021.- Durante los \u00faltimos a\u00f1os los&hellip;<\/p>\n","protected":false},"author":2,"featured_media":22058,"comment_status":"closed","ping_status":"open","sticky":false,"template":"","format":"standard","meta":{"_lmt_disableupdate":"","_lmt_disable":"","_jetpack_memberships_contains_paid_content":false,"footnotes":""},"categories":[109,46],"tags":[215],"class_list":["post-22057","post","type-post","status-publish","format-standard","has-post-thumbnail","hentry","category-minuto-a-minuto","category-zona-blanca","tag-elisa-zepeda-lagunas"],"jetpack_featured_media_url":"https:\/\/zonaroja.com.mx\/wp-content\/uploads\/2021\/01\/Elisa-Zepeda.png","jetpack_sharing_enabled":true,"_links":{"self":[{"href":"https:\/\/zonaroja.com.mx\/index.php?rest_route=\/wp\/v2\/posts\/22057","targetHints":{"allow":["GET"]}}],"collection":[{"href":"https:\/\/zonaroja.com.mx\/index.php?rest_route=\/wp\/v2\/posts"}],"about":[{"href":"https:\/\/zonaroja.com.mx\/index.php?rest_route=\/wp\/v2\/types\/post"}],"author":[{"embeddable":true,"href":"https:\/\/zonaroja.com.mx\/index.php?rest_route=\/wp\/v2\/users\/2"}],"replies":[{"embeddable":true,"href":"https:\/\/zonaroja.com.mx\/index.php?rest_route=%2Fwp%2Fv2%2Fcomments&post=22057"}],"version-history":[{"count":1,"href":"https:\/\/zonaroja.com.mx\/index.php?rest_route=\/wp\/v2\/posts\/22057\/revisions"}],"predecessor-version":[{"id":22059,"href":"https:\/\/zonaroja.com.mx\/index.php?rest_route=\/wp\/v2\/posts\/22057\/revisions\/22059"}],"wp:featuredmedia":[{"embeddable":true,"href":"https:\/\/zonaroja.com.mx\/index.php?rest_route=\/wp\/v2\/media\/22058"}],"wp:attachment":[{"href":"https:\/\/zonaroja.com.mx\/index.php?rest_route=%2Fwp%2Fv2%2Fmedia&parent=22057"}],"wp:term":[{"taxonomy":"category","embeddable":true,"href":"https:\/\/zonaroja.com.mx\/index.php?rest_route=%2Fwp%2Fv2%2Fcategories&post=22057"},{"taxonomy":"post_tag","embeddable":true,"href":"https:\/\/zonaroja.com.mx\/index.php?rest_route=%2Fwp%2Fv2%2Ftags&post=22057"}],"curies":[{"name":"wp","href":"https:\/\/api.w.org\/{rel}","templated":true}]}}