{"id":2206,"date":"2019-07-12T08:39:55","date_gmt":"2019-07-12T13:39:55","guid":{"rendered":"http:\/\/www.zonaroja.com.mx\/?p=2206"},"modified":"2019-07-12T08:39:57","modified_gmt":"2019-07-12T13:39:57","slug":"otro-reves-a-la-fiscalia-debe-investigar-desaparicion-de-estudiante-unam","status":"publish","type":"post","link":"https:\/\/zonaroja.com.mx\/?p=2206","title":{"rendered":"Otro rev\u00e9s a la Fiscal\u00eda: debe investigar desaparici\u00f3n de estudiante UNAM"},"content":{"rendered":"\n<p>Redacci\u00f3n<\/p>\n\n\n\n<p>Oaxaca de\nJu\u00e1rez, Oax., 12 de julio de 2019.- De nueva cuenta, el Poder Judicial de\nOaxaca propin\u00f3 un rev\u00e9s a la Fiscal\u00eda General del Estado.<\/p>\n\n\n\n<p>Ayer, la\nCuarta Sala Penal y Constitucional del Tribunal Superior de Justicia confirm\u00f3\nque la instancia que encabeza Rub\u00e9n Vasconcelos M\u00e9ndez fue omisa en dar\ncumplimiento a los puntos de recomendaci\u00f3n de la Defensor\u00eda de los Derechos Humanos.<\/p>\n\n\n\n<p>En ella se\nsolicitaba la realizaci\u00f3n inmediata de una investigaci\u00f3n, seria, profesional y\ncient\u00edfica, para localizar con vida a Jes\u00fas Israel Moreno P\u00e9rez, estudiante de\nla UNAM, desaparecido el d\u00eda 8 de julio de 2011 en Chacahua, en la regi\u00f3n Costa\ndel estado.<\/p>\n\n\n\n<p>Adem\u00e1s, se\norden\u00f3 el cumplimiento de la recomendaci\u00f3n y se declar\u00f3 la obligaci\u00f3n de la\nFiscal\u00eda General de rendir informaci\u00f3n al Tribunal de manera bimestral para\nasegurar los avances en el cumplimiento del fallo.<\/p>\n\n\n\n<p>Se\nestableci\u00f3 que en caso de que la Fiscal\u00eda General incumpla el fallo, la Sala\npodr\u00e1 seguir de manera oficiosa el tr\u00e1mite de inejecuci\u00f3n y \u201ctendr\u00e1 las m\u00e1s\namplias facultades para lograr el cumplimiento de la sentencia, incluyendo la\nseparaci\u00f3n del puesto y consignaci\u00f3n de la autoridad responsable\u201d.<\/p>\n\n\n\n<p>En un\ncomunicado, a trav\u00e9s de la organizaci\u00f3n IDHEAS Litigio Estrat\u00e9gico en Derechos\nHumanos expres\u00f3: <\/p>\n\n\n\n<p>\u201cComo\nrepresentantes de la familia, exhortamos a la Fiscal\u00eda General del Estado de\nOaxaca a dar cumplimiento a la sentencia emitida por el Poder Judicial del\nEstado de Oaxaca. <\/p>\n\n\n\n<p>\u201cDesde\nIDHEAS, observamos que mediante la decisi\u00f3n emitida por la Sala Constitucional,\nel fiscal de Oaxaca est\u00e1 obligado a cumplir con la ley, con las recomendaciones\nde Derechos Humanos y deber\u00e1 dejar la simulaci\u00f3n sobre la investigaci\u00f3n de\ncasos de personas desaparecidas y especialmente realizar las acciones que la\nfiscal\u00eda viene negando desde hace ocho a\u00f1os, tiempo desde el cual el joven\nJes\u00fas Israel fue desaparecido, afirm\u00f3 el abogado de IDHEAS Guillermo Naranjo.\u201d<\/p>\n\n\n\n<p>Jes\u00fas Israel\nMoreno P\u00e9rez, estudiante de la facultad de Filosof\u00eda y Letras de la Universidad\nNacional Aut\u00f3noma de M\u00e9xico, desapareci\u00f3 el 8 de julio de 2011 durante sus\nvacaciones en la localidad de Chacahua, Oaxaca. <\/p>\n\n\n\n<p>La entonces Procuradur\u00eda\ndel Estado de Oaxaca (hoy Fiscal\u00eda) determin\u00f3 el delito como robo y homicidio,\nen el marco de una serie de irregularidades de la actuaci\u00f3n de los funcionarios\np\u00fablicos. <\/p>\n\n\n\n<p>El caso de\nJes\u00fas Israel se encuentra pendiente de resoluci\u00f3n ante el Comit\u00e9 de Derechos\nHumanos de Naciones Unidas. En caso de reconocerse, implicar\u00eda la\nresponsabilidad internacional para el Estado mexicano. <\/p>\n\n\n\n<p>Hace\naproximadamente un mes, el Tribunal Superior de Justicia propin\u00f3 otro rev\u00e9s a\nla Fiscal\u00eda General, al obligarla a reiniciar las investigaciones por el triple\nasesinato ocurrido el 2 de junio de 2018 en Juchit\u00e1n de Zaragoza, ahora bajo\nlas presunci\u00f3n de feminicidio en el caso de las mujeres Pamela Ter\u00e1n y Mar\u00eda\ndel Sol Cruz Jarqu\u00edn.<\/p>\n","protected":false},"excerpt":{"rendered":"<p>Redacci\u00f3n Oaxaca de Ju\u00e1rez, Oax., 12 de julio de 2019.- De nueva cuenta, el Poder&hellip;<\/p>\n","protected":false},"author":2,"featured_media":2207,"comment_status":"closed","ping_status":"open","sticky":false,"template":"","format":"standard","meta":{"_lmt_disableupdate":"","_lmt_disable":"","_jetpack_memberships_contains_paid_content":false,"footnotes":""},"categories":[109,51],"tags":[333,59,170],"class_list":["post-2206","post","type-post","status-publish","format-standard","has-post-thumbnail","hentry","category-minuto-a-minuto","category-zona-roja","tag-estudiante-unam-desaparecido-chacahua","tag-fiscalia-general-del-estado","tag-ruben-vasconcelos-mendez"],"jetpack_featured_media_url":"https:\/\/zonaroja.com.mx\/wp-content\/uploads\/2019\/07\/4c798f75-faa2-4692-91a2-94726715cec0.jpg","jetpack_sharing_enabled":true,"_links":{"self":[{"href":"https:\/\/zonaroja.com.mx\/index.php?rest_route=\/wp\/v2\/posts\/2206","targetHints":{"allow":["GET"]}}],"collection":[{"href":"https:\/\/zonaroja.com.mx\/index.php?rest_route=\/wp\/v2\/posts"}],"about":[{"href":"https:\/\/zonaroja.com.mx\/index.php?rest_route=\/wp\/v2\/types\/post"}],"author":[{"embeddable":true,"href":"https:\/\/zonaroja.com.mx\/index.php?rest_route=\/wp\/v2\/users\/2"}],"replies":[{"embeddable":true,"href":"https:\/\/zonaroja.com.mx\/index.php?rest_route=%2Fwp%2Fv2%2Fcomments&post=2206"}],"version-history":[{"count":1,"href":"https:\/\/zonaroja.com.mx\/index.php?rest_route=\/wp\/v2\/posts\/2206\/revisions"}],"predecessor-version":[{"id":2208,"href":"https:\/\/zonaroja.com.mx\/index.php?rest_route=\/wp\/v2\/posts\/2206\/revisions\/2208"}],"wp:featuredmedia":[{"embeddable":true,"href":"https:\/\/zonaroja.com.mx\/index.php?rest_route=\/wp\/v2\/media\/2207"}],"wp:attachment":[{"href":"https:\/\/zonaroja.com.mx\/index.php?rest_route=%2Fwp%2Fv2%2Fmedia&parent=2206"}],"wp:term":[{"taxonomy":"category","embeddable":true,"href":"https:\/\/zonaroja.com.mx\/index.php?rest_route=%2Fwp%2Fv2%2Fcategories&post=2206"},{"taxonomy":"post_tag","embeddable":true,"href":"https:\/\/zonaroja.com.mx\/index.php?rest_route=%2Fwp%2Fv2%2Ftags&post=2206"}],"curies":[{"name":"wp","href":"https:\/\/api.w.org\/{rel}","templated":true}]}}