{"id":22061,"date":"2021-01-05T17:31:30","date_gmt":"2021-01-05T23:31:30","guid":{"rendered":"http:\/\/www.zonaroja.com.mx\/?p=22061"},"modified":"2021-01-05T17:31:33","modified_gmt":"2021-01-05T23:31:33","slug":"siniestros-y-olvido-de-rehabilitacion-el-pesar-de-la-central-de-abasto","status":"publish","type":"post","link":"https:\/\/zonaroja.com.mx\/?p=22061","title":{"rendered":"Siniestros y olvido de rehabilitaci\u00f3n, el pesar de la Central de Abasto"},"content":{"rendered":"\n<p>Yuridiana Sosa\/Zona Roja.<\/p>\n\n\n\n<p>Oaxaca de Ju\u00e1rez, Oax., 5 de enero de 2021.- Dos nuevos incendios registrados en menos de 24 horas en la Central de Abasto en la capital de Oaxaca, se suman a la serie de desgracias que en el transcurso de ocho meses se han presentado en este sitio, donde las obras de rehabilitaci\u00f3n no se concretan.<\/p>\n\n\n\n<p>En mayo pasado, tras el incendio que afect\u00f3 a m\u00e1s de un centenar de locales, de la zona seca del mercado \u201cMargarita Maza\u201d, el Gobierno del Estado anunci\u00f3 una inversi\u00f3n superior a los 100 millones de pesos para el Proyecto Integral de Rehabilitaci\u00f3n de la Central de Abasto, el cual contempla en una primera etapa los trabajos de restituci\u00f3n del sistema el\u00e9ctrico, drenaje y agua potable.<\/p>\n\n\n\n<p>Pero de esa obra nada se sabe, pues hasta el momento las condiciones dentro del inmueble no han cambiado desde los siniestros, en cuanto a reparaciones del lugar, donde han sido los mismos comerciantes quienes han invertido nuevamente para acondicionar sus sitios de trabajo, aun en medio de las carencias por la contingencia sanitaria.<\/p>\n\n\n\n<p>Sin embargo, en su cuarto informe, el gobernador Alejandro Murat presumi\u00f3 que se trabaja en la zona siniestrada. \u201c\u2026Ah\u00ed se ejecutan, a partir del mes de julio para concluir en diciembre del presente a\u00f1o, siete obras para la rehabilitaci\u00f3n y reestructuraci\u00f3n de la infraestructura en la Central de Abasto y colonias adyacentes, as\u00ed como en la zona afectada por el incendio, con una inversi\u00f3n total autorizada de 99 millones 462 mil 438.05 pesos\u201d.<\/p>\n\n\n\n<figure class=\"wp-block-embed-twitter wp-block-embed is-type-rich is-provider-twitter\"><div class=\"wp-block-embed__wrapper\">\n<div class=\"twitter-tweet\"><blockquote class=\"twitter-tweet\" data-lang=\"es\"><p lang=\"es\" dir=\"ltr\">Personal del <a href=\"https:\/\/twitter.com\/Bomberos_GobOax?ref_src=twsrc%5Etfw\">@Bomberos_GobOax<\/a> combati\u00f3 y sofoc\u00f3 un incendio que ocurri\u00f3 esta noche en un \u00e1rea del Mercado de Abasto de la ciudad de <a href=\"https:\/\/twitter.com\/hashtag\/Oaxaca?src=hash&amp;ref_src=twsrc%5Etfw\">#Oaxaca<\/a>; no se reportan da\u00f1os mayores. <a href=\"https:\/\/t.co\/g3qEVFsHTK\">pic.twitter.com\/g3qEVFsHTK<\/a><\/p>&mdash; Zona Roja Oaxaca (@MexRoja) <a href=\"https:\/\/twitter.com\/MexRoja\/status\/1346324482194079745?ref_src=twsrc%5Etfw\">5 de enero de 2021<\/a><\/blockquote><\/div>\n<\/div><\/figure>\n\n\n\n<p>Sobre los hechos recientes, la ma\u00f1ana de este martes la fuga de gas en la taquer\u00eda \u201cJalisco\u201d, ubicada en la zona de tianguis, provoc\u00f3 el conato de un incendio.<\/p>\n\n\n\n<p>Elementos del Heroico Cuerpo de Bomberos arribaron a tiempo para evitar la expansi\u00f3n del fuego.<\/p>\n\n\n\n<p>Mientras que la noche del lunes, a consecuencia de la manipulaci\u00f3n de cohetes por ni\u00f1os, la pirotecnia alcanz\u00f3 un poste de energ\u00eda el\u00e9ctrica que deriv\u00f3 en un incendio.<\/p>\n\n\n\n<p>Tambi\u00e9n los Bomberos sofocaron el fuego a tiempo, evitando da\u00f1os mayores a la infraestructura, as\u00ed como a los comerciantes.<\/p>\n\n\n\n<p>OLVIDO EN EL PLAY\u00d3N<\/p>\n\n\n\n<p>Sobre las riberas del r\u00edo \u201cAtoyac\u201d, en el punto conocido como el play\u00f3n de la Central de Abasto, el Gobierno del Estado anunci\u00f3 en junio de 2019 la creaci\u00f3n de un proyecto de rescate que llevar\u00eda por etapas, sin detallar sus especificaciones, sin embargo, el espacio luce desolado y sin vigilancia.<\/p>\n\n\n\n<p>El proyecto surgi\u00f3 ante la recuperaci\u00f3n de este espacio, considerado por varios a\u00f1os como una zona de diversas actividades il\u00edcitas.<\/p>\n","protected":false},"excerpt":{"rendered":"<p>Yuridiana Sosa\/Zona Roja. Oaxaca de Ju\u00e1rez, Oax., 5 de enero de 2021.- Dos nuevos incendios&hellip;<\/p>\n","protected":false},"author":2,"featured_media":22062,"comment_status":"closed","ping_status":"open","sticky":false,"template":"","format":"standard","meta":{"_lmt_disableupdate":"","_lmt_disable":"","_jetpack_memberships_contains_paid_content":false,"footnotes":""},"categories":[109,47],"tags":[1168],"class_list":["post-22061","post","type-post","status-publish","format-standard","has-post-thumbnail","hentry","category-minuto-a-minuto","category-zona-gris","tag-central-de-abasto-ciudad-de-oaxaca"],"jetpack_featured_media_url":"https:\/\/zonaroja.com.mx\/wp-content\/uploads\/2021\/01\/Mercado-de-Abasto-Oaxaca.jpg","jetpack_sharing_enabled":true,"_links":{"self":[{"href":"https:\/\/zonaroja.com.mx\/index.php?rest_route=\/wp\/v2\/posts\/22061","targetHints":{"allow":["GET"]}}],"collection":[{"href":"https:\/\/zonaroja.com.mx\/index.php?rest_route=\/wp\/v2\/posts"}],"about":[{"href":"https:\/\/zonaroja.com.mx\/index.php?rest_route=\/wp\/v2\/types\/post"}],"author":[{"embeddable":true,"href":"https:\/\/zonaroja.com.mx\/index.php?rest_route=\/wp\/v2\/users\/2"}],"replies":[{"embeddable":true,"href":"https:\/\/zonaroja.com.mx\/index.php?rest_route=%2Fwp%2Fv2%2Fcomments&post=22061"}],"version-history":[{"count":1,"href":"https:\/\/zonaroja.com.mx\/index.php?rest_route=\/wp\/v2\/posts\/22061\/revisions"}],"predecessor-version":[{"id":22063,"href":"https:\/\/zonaroja.com.mx\/index.php?rest_route=\/wp\/v2\/posts\/22061\/revisions\/22063"}],"wp:featuredmedia":[{"embeddable":true,"href":"https:\/\/zonaroja.com.mx\/index.php?rest_route=\/wp\/v2\/media\/22062"}],"wp:attachment":[{"href":"https:\/\/zonaroja.com.mx\/index.php?rest_route=%2Fwp%2Fv2%2Fmedia&parent=22061"}],"wp:term":[{"taxonomy":"category","embeddable":true,"href":"https:\/\/zonaroja.com.mx\/index.php?rest_route=%2Fwp%2Fv2%2Fcategories&post=22061"},{"taxonomy":"post_tag","embeddable":true,"href":"https:\/\/zonaroja.com.mx\/index.php?rest_route=%2Fwp%2Fv2%2Ftags&post=22061"}],"curies":[{"name":"wp","href":"https:\/\/api.w.org\/{rel}","templated":true}]}}