{"id":22069,"date":"2021-01-05T21:20:57","date_gmt":"2021-01-06T03:20:57","guid":{"rendered":"http:\/\/www.zonaroja.com.mx\/?p=22069"},"modified":"2021-01-05T21:21:03","modified_gmt":"2021-01-06T03:21:03","slug":"tristes-festejos-para-familia-de-zayra-insisten-en-ayuda-para-su-localizacion","status":"publish","type":"post","link":"https:\/\/zonaroja.com.mx\/?p=22069","title":{"rendered":"Tristes festejos para familia de Zayra; insisten en ayuda para su localizaci\u00f3n"},"content":{"rendered":"\n<p>Evlin Arag\u00f3n\/Zona Roja.<\/p>\n\n\n\n<p>Oaxaca de Ju\u00e1rez, Oax., Las fiestas navide\u00f1as y de a\u00f1o nuevo no fueron las mismas para la familia de Zayra Leticia Morales Loyola, cuyos integrantes llevan m\u00e1s de 70 d\u00edas en la incertidumbre al no saber el paradero de la joven.&nbsp;<\/p>\n\n\n\n<p>As\u00ed lo refiri\u00f3 Luz Mar\u00eda Loyola, madre de la joven, quien con l\u00e1grimas en los ojos relat\u00f3 en un video el dolor que le ha generado a toda la familia la desaparici\u00f3n de Zayra y la angustia constante de no saber si se encuentra bien.&nbsp;<\/p>\n\n\n\n<p>\u201cEste 31 de diciembre culmina el a\u00f1o sin tener noticias de mi hija, 68 d\u00edas han pasado y no tenerla en mis brazos, abrazarla y decirle cuanto la quiero\u201d, dijo en un video publicado en sus redes a prop\u00f3sito de las festividades.&nbsp;&nbsp;<\/p>\n\n\n\n<p>La se\u00f1ora, de Santa Mar\u00eda Xochitlapico, localidad perteneciente al municipio de Huajuapan de Le\u00f3n, asegur\u00f3 que las fiestas recientes las ha pasado con mucho dolor, angustia y tristeza ante la ausencia de su hija, situaci\u00f3n que no le desea a ninguna otra familia.&nbsp;<\/p>\n\n\n\n<p>De igual forma, y como lo ha hecho durante m\u00e1s de dos meses, pidi\u00f3 el apoyo y respaldo de la ciudadan\u00eda a fin de no dejar de compartir la imagen Zayra hasta dar con su paradero.&nbsp;<\/p>\n\n\n\n<p>\u201cMe hace falta mi hija, ay\u00fadenme por favor. Les pido que sigan compartiendo la fotograf\u00eda de mi hija ya que ustedes me pueden ayudar y ver la forma como encontrarla\u201d, refiere la desesperada madre.\u00a0\u00a0<\/p>\n\n\n\n<figure class=\"wp-block-embed-twitter wp-block-embed is-type-rich is-provider-twitter\"><div class=\"wp-block-embed__wrapper\">\n<div class=\"twitter-tweet\"><blockquote class=\"twitter-tweet\" data-lang=\"es\"><p lang=\"es\" dir=\"ltr\"><a href=\"https:\/\/twitter.com\/hashtag\/OaxacaGris?src=hash&amp;ref_src=twsrc%5Etfw\">#OaxacaGris<\/a> <br>De mucho dolor, de mucha angustia, de mucho sufrimiento, as\u00ed fueron la Navidad y el a\u00f1o nuevo para la madre de Zayra Leticia, que exige se intensifique la b\u00fasqueda de la joven desaparecida el 23 de octubre en Huajuapan de Le\u00f3n. <a href=\"https:\/\/t.co\/ZtdLT7pFk6\">pic.twitter.com\/ZtdLT7pFk6<\/a><\/p>&mdash; Zona Roja Oaxaca (@MexRoja) <a href=\"https:\/\/twitter.com\/MexRoja\/status\/1346611247270256641?ref_src=twsrc%5Etfw\">6 de enero de 2021<\/a><\/blockquote><\/div>\n<\/div><\/figure>\n\n\n\n<p>La familia de Zayra ha llevado a cabo, por cuenta propia, una intensa b\u00fasqueda por r\u00edos, barrancos, terrenos bald\u00edos cercanos a la poblaci\u00f3n sin poder a\u00fan dar con el paradero de la joven, de ah\u00ed que reiteran la solicitud de apoyo a la ciudadan\u00eda.&nbsp;<\/p>\n\n\n\n<p>La joven de 29 a\u00f1os de edad y madre de dos ni\u00f1os, fue vista por \u00faltima vez el 23 de octubre cuando sali\u00f3 de su casa a cancelar un pedido de hamburguesas y no volvi\u00f3; de ah\u00ed que su familia report\u00f3 a las autoridades su desaparici\u00f3n.<\/p>\n\n\n\n<p>Hasta el momento hay dos personas detenidas y vinculadas a proceso por su posible responsabilidad.<\/p>\n\n\n\n<p>Pese a lo anterior nada se sabe del paradero de Zayra, situaci\u00f3n que lleno de tristeza y angustia las fiestas de Navidad y a\u00f1o nuevo para la familia Morales Noyola, que ans\u00eda m\u00e1s que nada en el mundo volver a abrazar a su hija que hoy cumple 74 d\u00edas desaparecida.&nbsp;&nbsp;<\/p>\n","protected":false},"excerpt":{"rendered":"<p>Evlin Arag\u00f3n\/Zona Roja. Oaxaca de Ju\u00e1rez, Oax., Las fiestas navide\u00f1as y de a\u00f1o nuevo no&hellip;<\/p>\n","protected":false},"author":2,"featured_media":19600,"comment_status":"closed","ping_status":"open","sticky":false,"template":"","format":"standard","meta":{"_lmt_disableupdate":"","_lmt_disable":"","_jetpack_memberships_contains_paid_content":false,"footnotes":""},"categories":[109,47],"tags":[2146],"class_list":["post-22069","post","type-post","status-publish","format-standard","has-post-thumbnail","hentry","category-minuto-a-minuto","category-zona-gris","tag-zayra-leticia-morales-loyola"],"jetpack_featured_media_url":"https:\/\/zonaroja.com.mx\/wp-content\/uploads\/2020\/11\/Busqueda-de-desaparecidas-Zayra.jpg","jetpack_sharing_enabled":true,"_links":{"self":[{"href":"https:\/\/zonaroja.com.mx\/index.php?rest_route=\/wp\/v2\/posts\/22069","targetHints":{"allow":["GET"]}}],"collection":[{"href":"https:\/\/zonaroja.com.mx\/index.php?rest_route=\/wp\/v2\/posts"}],"about":[{"href":"https:\/\/zonaroja.com.mx\/index.php?rest_route=\/wp\/v2\/types\/post"}],"author":[{"embeddable":true,"href":"https:\/\/zonaroja.com.mx\/index.php?rest_route=\/wp\/v2\/users\/2"}],"replies":[{"embeddable":true,"href":"https:\/\/zonaroja.com.mx\/index.php?rest_route=%2Fwp%2Fv2%2Fcomments&post=22069"}],"version-history":[{"count":1,"href":"https:\/\/zonaroja.com.mx\/index.php?rest_route=\/wp\/v2\/posts\/22069\/revisions"}],"predecessor-version":[{"id":22070,"href":"https:\/\/zonaroja.com.mx\/index.php?rest_route=\/wp\/v2\/posts\/22069\/revisions\/22070"}],"wp:featuredmedia":[{"embeddable":true,"href":"https:\/\/zonaroja.com.mx\/index.php?rest_route=\/wp\/v2\/media\/19600"}],"wp:attachment":[{"href":"https:\/\/zonaroja.com.mx\/index.php?rest_route=%2Fwp%2Fv2%2Fmedia&parent=22069"}],"wp:term":[{"taxonomy":"category","embeddable":true,"href":"https:\/\/zonaroja.com.mx\/index.php?rest_route=%2Fwp%2Fv2%2Fcategories&post=22069"},{"taxonomy":"post_tag","embeddable":true,"href":"https:\/\/zonaroja.com.mx\/index.php?rest_route=%2Fwp%2Fv2%2Ftags&post=22069"}],"curies":[{"name":"wp","href":"https:\/\/api.w.org\/{rel}","templated":true}]}}