{"id":22074,"date":"2021-01-05T22:32:52","date_gmt":"2021-01-06T04:32:52","guid":{"rendered":"http:\/\/www.zonaroja.com.mx\/?p=22074"},"modified":"2021-01-05T22:32:56","modified_gmt":"2021-01-06T04:32:56","slug":"registra-oaxaca-dos-asesinatos-en-la-mixteca-y-en-el-istmo","status":"publish","type":"post","link":"https:\/\/zonaroja.com.mx\/?p=22074","title":{"rendered":"Registra Oaxaca dos asesinatos, en la Mixteca y en el Istmo"},"content":{"rendered":"\n<p>Ismael Garc\u00eda M.\/Zona Roja.<\/p>\n\n\n\n<p>Oaxaca de Ju\u00e1rez, Oax., 5 de enero de 2021.- Dos personas fueron asesinadas, una de ellas por disparo de arma de fuego, en las \u00faltimas horas en la entidad oaxaque\u00f1a.<\/p>\n\n\n\n<p>Por la ma\u00f1ana fue hallado el cuerpo sin vida de un individuo, maniatado y con huellas de tortura, en un basurero ubicado al poniente de Juchit\u00e1n de Zaragoza, en inmediaciones de la colonia Fidel Pe\u00f1a.<\/p>\n\n\n\n<p>Aparenta aproximadamente 20 a\u00f1os de edad; sin embargo, hasta el momento no se tiene su identidad oficial.<\/p>\n\n\n\n<p>Por otra parte, este lunes falleci\u00f3 en un hospital del municipio de Huajuapan de Le\u00f3n, una persona identificada como Juan J. A., de 78 a\u00f1os de edad.<\/p>\n\n\n\n<p>Seg\u00fan los reportes policiacos, fue agredido a pu\u00f1aladas desde el pasado 2 de enero por la noche y trasladado posteriormente al hospital del IMSS, donde falleci\u00f3 ayer.<\/p>\n\n\n\n<p>La Vicefiscal\u00eda Regional de la Mixteca investiga a\u00fan el caso y no se tienen mayores datos de la forma en que ocurri\u00f3 la agresi\u00f3n.<\/p>\n","protected":false},"excerpt":{"rendered":"<p>Ismael Garc\u00eda M.\/Zona Roja. Oaxaca de Ju\u00e1rez, Oax., 5 de enero de 2021.- Dos personas&hellip;<\/p>\n","protected":false},"author":2,"featured_media":3245,"comment_status":"closed","ping_status":"open","sticky":false,"template":"","format":"standard","meta":{"_lmt_disableupdate":"","_lmt_disable":"","_jetpack_memberships_contains_paid_content":false,"footnotes":""},"categories":[109,51],"tags":[123],"class_list":["post-22074","post","type-post","status-publish","format-standard","has-post-thumbnail","hentry","category-minuto-a-minuto","category-zona-roja","tag-juchitan-de-zaragoza"],"jetpack_featured_media_url":"https:\/\/zonaroja.com.mx\/wp-content\/uploads\/2019\/08\/Homicidio-3.jpg","jetpack_sharing_enabled":true,"_links":{"self":[{"href":"https:\/\/zonaroja.com.mx\/index.php?rest_route=\/wp\/v2\/posts\/22074","targetHints":{"allow":["GET"]}}],"collection":[{"href":"https:\/\/zonaroja.com.mx\/index.php?rest_route=\/wp\/v2\/posts"}],"about":[{"href":"https:\/\/zonaroja.com.mx\/index.php?rest_route=\/wp\/v2\/types\/post"}],"author":[{"embeddable":true,"href":"https:\/\/zonaroja.com.mx\/index.php?rest_route=\/wp\/v2\/users\/2"}],"replies":[{"embeddable":true,"href":"https:\/\/zonaroja.com.mx\/index.php?rest_route=%2Fwp%2Fv2%2Fcomments&post=22074"}],"version-history":[{"count":1,"href":"https:\/\/zonaroja.com.mx\/index.php?rest_route=\/wp\/v2\/posts\/22074\/revisions"}],"predecessor-version":[{"id":22075,"href":"https:\/\/zonaroja.com.mx\/index.php?rest_route=\/wp\/v2\/posts\/22074\/revisions\/22075"}],"wp:featuredmedia":[{"embeddable":true,"href":"https:\/\/zonaroja.com.mx\/index.php?rest_route=\/wp\/v2\/media\/3245"}],"wp:attachment":[{"href":"https:\/\/zonaroja.com.mx\/index.php?rest_route=%2Fwp%2Fv2%2Fmedia&parent=22074"}],"wp:term":[{"taxonomy":"category","embeddable":true,"href":"https:\/\/zonaroja.com.mx\/index.php?rest_route=%2Fwp%2Fv2%2Fcategories&post=22074"},{"taxonomy":"post_tag","embeddable":true,"href":"https:\/\/zonaroja.com.mx\/index.php?rest_route=%2Fwp%2Fv2%2Ftags&post=22074"}],"curies":[{"name":"wp","href":"https:\/\/api.w.org\/{rel}","templated":true}]}}