{"id":22082,"date":"2021-01-06T07:46:47","date_gmt":"2021-01-06T13:46:47","guid":{"rendered":"http:\/\/www.zonaroja.com.mx\/?p=22082"},"modified":"2021-01-06T07:46:52","modified_gmt":"2021-01-06T13:46:52","slug":"urgen-actualizar-sistema-de-pensiones-y-jubilaciones-en-la-uabjo","status":"publish","type":"post","link":"https:\/\/zonaroja.com.mx\/?p=22082","title":{"rendered":"Urgen actualizar sistema de pensiones y jubilaciones en la UABJO"},"content":{"rendered":"\n<p>Redacci\u00f3n\/Zona Roja.<\/p>\n\n\n\n<p>Oaxaca de Ju\u00e1rez, Oax., 6 de enero de 2021.- Desde hace m\u00e1s de un a\u00f1o, la administraci\u00f3n que representa el rector Eduardo Bautista Mart\u00ednez elabor\u00f3, present\u00f3 e inici\u00f3 el proceso de definici\u00f3n y validaci\u00f3n del Proyecto de Reforma al Sistema de Jubilaciones y Pensiones de la Universidad Aut\u00f3noma \u201cBenito Ju\u00e1rez\u201d de Oaxaca (UABJO), mismo que se encuentra en an\u00e1lisis ante el H. Consejo Universitario.<\/p>\n\n\n\n<p>Fue con fecha 15 de noviembre de 2019, cuando se present\u00f3 dicho proyecto ante el m\u00e1ximo \u00f3rgano de gobierno universitario, donde se explicaron todas las acciones iniciadas en 2016, consistentes en la realizaci\u00f3n de estudios actuariales, talleres, conferencias, capacitaciones y disertaciones con la asistencia de diversas instituciones federales respecto al tema.<\/p>\n\n\n\n<p>Cabe destacar, que el proyecto se ha socializado de manera interna a trav\u00e9s de diversas reuniones con las dirigencias sindicales, asambleas generales, comit\u00e9s ejecutivos y consejos pol\u00edticos, de conformidad con la normatividad institucional.<\/p>\n\n\n\n<p>Al respecto, el rector dijo que \u201ces necesario que se tome la mejor decisi\u00f3n para la viabilidad institucional y financiera, la cual se encuentra en manos del \u00f3rgano colegiado en menci\u00f3n, esperemos que no se difiera demasiado, sobre todo por la sostenibilidad que se enfrenta junto con otras 11 instituciones del pa\u00eds, siendo la nuestra, la \u00fanica faltante en realizar el cambio de r\u00e9gimen en dicho sistema\u201d.<\/p>\n\n\n\n<p>Agreg\u00f3, que esta situaci\u00f3n afecta gravemente las tareas sustanciales, adem\u00e1s de que condiciona la posibilidad de concursar en fondos federales con los cuales se atienden temas estructurales.<\/p>\n\n\n\n<p>Bautista Mart\u00ednez explic\u00f3 que este a\u00f1o se avizora complejo para la instituci\u00f3n, pues conforme a lo anunciado por la Asociaci\u00f3n Nacional de Universidades e Instituciones de Educaci\u00f3n Superior (ANUIES), habr\u00e1 disminuci\u00f3n y desaparici\u00f3n de algunos fondos destinados a la calidad de diversos programas educativos, de investigaci\u00f3n, movilidad, entre otros.<\/p>\n\n\n\n<p>Adem\u00e1s de que el 30 por ciento de la n\u00f3mina universitaria se va en el pago de trabajadoras y trabajadores jubilados, es decir; la plantilla est\u00e1 envejeciendo sin posibilidad de recuperaci\u00f3n de nuevas plazas, factor que agudiza la situaci\u00f3n.<\/p>\n\n\n\n<p>\u201cLa advertencia para la reestructuraci\u00f3n del Sistema de Jubilaciones y Pensiones, viene de 20 a\u00f1os atr\u00e1s, donde ya se hablaba de que se convertir\u00eda en un factor de riesgo para las finanzas universitarias y precisamente ahora representa un problema que urge definir\u201d, concluy\u00f3.<\/p>\n","protected":false},"excerpt":{"rendered":"<p>Redacci\u00f3n\/Zona Roja. Oaxaca de Ju\u00e1rez, Oax., 6 de enero de 2021.- Desde hace m\u00e1s de&hellip;<\/p>\n","protected":false},"author":2,"featured_media":22083,"comment_status":"closed","ping_status":"open","sticky":false,"template":"","format":"standard","meta":{"_lmt_disableupdate":"","_lmt_disable":"","_jetpack_memberships_contains_paid_content":false,"footnotes":""},"categories":[109,46],"tags":[360],"class_list":["post-22082","post","type-post","status-publish","format-standard","has-post-thumbnail","hentry","category-minuto-a-minuto","category-zona-blanca","tag-rector-eduardo-bautista-martinez"],"jetpack_featured_media_url":"https:\/\/zonaroja.com.mx\/wp-content\/uploads\/2021\/01\/Rectoria-UABJO-1.jpg","jetpack_sharing_enabled":true,"_links":{"self":[{"href":"https:\/\/zonaroja.com.mx\/index.php?rest_route=\/wp\/v2\/posts\/22082","targetHints":{"allow":["GET"]}}],"collection":[{"href":"https:\/\/zonaroja.com.mx\/index.php?rest_route=\/wp\/v2\/posts"}],"about":[{"href":"https:\/\/zonaroja.com.mx\/index.php?rest_route=\/wp\/v2\/types\/post"}],"author":[{"embeddable":true,"href":"https:\/\/zonaroja.com.mx\/index.php?rest_route=\/wp\/v2\/users\/2"}],"replies":[{"embeddable":true,"href":"https:\/\/zonaroja.com.mx\/index.php?rest_route=%2Fwp%2Fv2%2Fcomments&post=22082"}],"version-history":[{"count":1,"href":"https:\/\/zonaroja.com.mx\/index.php?rest_route=\/wp\/v2\/posts\/22082\/revisions"}],"predecessor-version":[{"id":22084,"href":"https:\/\/zonaroja.com.mx\/index.php?rest_route=\/wp\/v2\/posts\/22082\/revisions\/22084"}],"wp:featuredmedia":[{"embeddable":true,"href":"https:\/\/zonaroja.com.mx\/index.php?rest_route=\/wp\/v2\/media\/22083"}],"wp:attachment":[{"href":"https:\/\/zonaroja.com.mx\/index.php?rest_route=%2Fwp%2Fv2%2Fmedia&parent=22082"}],"wp:term":[{"taxonomy":"category","embeddable":true,"href":"https:\/\/zonaroja.com.mx\/index.php?rest_route=%2Fwp%2Fv2%2Fcategories&post=22082"},{"taxonomy":"post_tag","embeddable":true,"href":"https:\/\/zonaroja.com.mx\/index.php?rest_route=%2Fwp%2Fv2%2Ftags&post=22082"}],"curies":[{"name":"wp","href":"https:\/\/api.w.org\/{rel}","templated":true}]}}