{"id":22085,"date":"2021-01-06T08:07:30","date_gmt":"2021-01-06T14:07:30","guid":{"rendered":"http:\/\/www.zonaroja.com.mx\/?p=22085"},"modified":"2021-01-06T08:08:04","modified_gmt":"2021-01-06T14:08:04","slug":"crece-y-se-extiende-confederacion-libertad-al-istmo","status":"publish","type":"post","link":"https:\/\/zonaroja.com.mx\/?p=22085","title":{"rendered":"Crece y se extiende Confederaci\u00f3n \u00abLibertad\u00bb al Istmo"},"content":{"rendered":"\n<p>Redacci\u00f3n\/Zona Roja.<\/p>\n\n\n\n<p>Oaxaca de Ju\u00e1rez, Oax., 6 de enero de 2021.- El municipio de Santo Domingo Tehuantepec, en la regi\u00f3n del Istmo, abri\u00f3 las puertas a la familia de la Confederaci\u00f3n \u201cLibertad\u201d de Trabajadores de M\u00e9xico (CLTM), luego de que materialistas de esta localidad se sumar\u00e1n a las filas del organismo.<\/p>\n\n\n\n<p>Unas 30 unidades de volteo y pipas fueron afiliadas al organismo, que reconoci\u00f3 como secretario General a Julio C\u00e9sar Rojas Jarqu\u00edn, el cual se comprometi\u00f3 a trabajar bajo la legalidad y los principios que caracterizan a la CLTM.<\/p>\n\n\n\n<p>\u201cAgradecemos la solidaridad, el respaldo y el compromiso de nuestros municipios hermanos al hacer acto de presencia a\u00fan en tiempos de dificultad\u201d, reconoci\u00f3 la dirigente de la Confederaci\u00f3n, Guadalupe D\u00edaz Pantoja.<\/p>\n\n\n\n<p>\u00abSeguiremos trabajando a favor del transporte en el Istmo como la gran familia que somos\u00bb, manifest\u00f3 la l\u00edder del transporte.<\/p>\n\n\n\n<p>Durante el evento estuvieron presentes transportistas de San Francisco Ixhuat\u00e1n, SantiagoNiltepec, Santo Domingo Zanatepec, Lagunas, Uni\u00f3n Hidaldo, Juchit\u00e1n de Zaragoza, El Espinal, Asunci\u00f3n Ixtaltepec, Ciudad Ixtepec, San Blas Atempa, Salinas, Santa Mar\u00eda Xhadani, La Ventosa y Comitancillo.<\/p>\n","protected":false},"excerpt":{"rendered":"<p>Redacci\u00f3n\/Zona Roja. Oaxaca de Ju\u00e1rez, Oax., 6 de enero de 2021.- El municipio de Santo&hellip;<\/p>\n","protected":false},"author":2,"featured_media":22086,"comment_status":"closed","ping_status":"open","sticky":false,"template":"","format":"standard","meta":{"_lmt_disableupdate":"","_lmt_disable":"","_jetpack_memberships_contains_paid_content":false,"footnotes":""},"categories":[109,46],"tags":[2090],"class_list":["post-22085","post","type-post","status-publish","format-standard","has-post-thumbnail","hentry","category-minuto-a-minuto","category-zona-blanca","tag-confederacion-libertad-de-trabajadores-de-mexico-cltm"],"jetpack_featured_media_url":"https:\/\/zonaroja.com.mx\/wp-content\/uploads\/2021\/01\/Confederacion-Libertad.jpg","jetpack_sharing_enabled":true,"_links":{"self":[{"href":"https:\/\/zonaroja.com.mx\/index.php?rest_route=\/wp\/v2\/posts\/22085","targetHints":{"allow":["GET"]}}],"collection":[{"href":"https:\/\/zonaroja.com.mx\/index.php?rest_route=\/wp\/v2\/posts"}],"about":[{"href":"https:\/\/zonaroja.com.mx\/index.php?rest_route=\/wp\/v2\/types\/post"}],"author":[{"embeddable":true,"href":"https:\/\/zonaroja.com.mx\/index.php?rest_route=\/wp\/v2\/users\/2"}],"replies":[{"embeddable":true,"href":"https:\/\/zonaroja.com.mx\/index.php?rest_route=%2Fwp%2Fv2%2Fcomments&post=22085"}],"version-history":[{"count":2,"href":"https:\/\/zonaroja.com.mx\/index.php?rest_route=\/wp\/v2\/posts\/22085\/revisions"}],"predecessor-version":[{"id":22088,"href":"https:\/\/zonaroja.com.mx\/index.php?rest_route=\/wp\/v2\/posts\/22085\/revisions\/22088"}],"wp:featuredmedia":[{"embeddable":true,"href":"https:\/\/zonaroja.com.mx\/index.php?rest_route=\/wp\/v2\/media\/22086"}],"wp:attachment":[{"href":"https:\/\/zonaroja.com.mx\/index.php?rest_route=%2Fwp%2Fv2%2Fmedia&parent=22085"}],"wp:term":[{"taxonomy":"category","embeddable":true,"href":"https:\/\/zonaroja.com.mx\/index.php?rest_route=%2Fwp%2Fv2%2Fcategories&post=22085"},{"taxonomy":"post_tag","embeddable":true,"href":"https:\/\/zonaroja.com.mx\/index.php?rest_route=%2Fwp%2Fv2%2Ftags&post=22085"}],"curies":[{"name":"wp","href":"https:\/\/api.w.org\/{rel}","templated":true}]}}