{"id":22090,"date":"2021-01-06T13:22:02","date_gmt":"2021-01-06T19:22:02","guid":{"rendered":"https:\/\/www.zonaroja.com.mx\/?p=22090"},"modified":"2021-01-06T13:22:05","modified_gmt":"2021-01-06T19:22:05","slug":"doble-y-hasta-triple-trabajo-para-enfermeras-en-su-dia-debido-a-la-pandemia","status":"publish","type":"post","link":"https:\/\/zonaroja.com.mx\/?p=22090","title":{"rendered":"Doble y hasta triple trabajo para enfermeras en su d\u00eda, debido a la pandemia"},"content":{"rendered":"\n<p>Evlin Arag\u00f3n\/Zona Roja. <\/p>\n\n\n\n<p class=\"MsoNormal\">Oaxaca de Ju\u00e1rez, Oax., 6 de enero de 2021.- Ante la saturaci\u00f3n que ya se registra en hospitales de la regi\u00f3n Valles Centrales, que presentan en conjunto una ocupaci\u00f3n del 70 por ciento, esta madrugada una ambulancia traslad\u00f3 a un paciente con Covid-19 del Hospital \u201cDr. Demetrio Mayoral Pardo\u201d de la ciudad de Oaxaca, al Hospital IMSS Huatulco.  <\/p>\n\n\n\n<p class=\"MsoNormal\">De cuerdo con datos del periodista Omar Gasga, con la llegada de ese paciente a Huatulco, ascender\u00e1n a siete las personas con el SARS-CoV-2 internadas actualmente en el hospital dependiente del IMSS, el cual cuenta solamente con 12 camas en el \u00e1rea especial.  <\/p>\n\n\n\n<p class=\"MsoNormal\">La actividad al interior de los hospitales ha duplicado y triplicado la labor del personal m\u00e9dico y de enfermer\u00eda, este \u00faltimo celebra hoy 6 de enero su d\u00eda con un extra de trabajo al formar parte de la primera l\u00ednea de atenci\u00f3n de la pandemia.&nbsp;&nbsp;<\/p>\n\n\n\n<p class=\"MsoNormal\">\u201cYa estamos cansadas y con la moral en el piso. No tenemos nada que celebrar\u201d, es el sentir de una enfermera de Huatulco pero que comparten decenas, cientos y miles en todo el pa\u00eds, muchas de ellas han repetido hasta el cansancio la importancia que la sociedad les ayude a contener los contagios por Covid-19, que en las \u00faltimas fechas y ante las recientes festividades se han incrementado. <\/p>\n\n\n\n<p class=\"MsoNormal\">El trabajo de las enfermeras es fundamental al interior de un hospital o centro m\u00e9dico, son quienes ejecutan las instrucciones del personal m\u00e9dico y adem\u00e1s acompa\u00f1an de forma m\u00e1s cercana a cualquier tipo de pacientes, no s\u00f3lo a quienes padecen coronavirus.&nbsp;&nbsp;<\/p>\n\n\n\n<p class=\"MsoNormal\">De ah\u00ed que <a href=\"\/\/2\">este mi\u00e9rcoles<\/a> diferentes sectores sociales expresan su felicitaci\u00f3n al personal de enfermer\u00eda por su labor, recordando que fue en 1931 cuando el entonces director del Hospital Ju\u00e1rez de M\u00e9xico, Jos\u00e9 Castro Villagrana, instituy\u00f3 en M\u00e9xico la celebraci\u00f3n al considerar su trabajo como un \u201cregalo de reyes\u201d para las y los pacientes. <\/p>\n\n\n\n<p class=\"MsoNormal\">Por su lado, el colectivo Feministas Oaxaca nombr\u00f3 y reconoci\u00f3 la labor de las enfermeras y record\u00f3 que, pese a las condiciones adversas, de todo el sistema de salud en el pa\u00eds, han enfrentado la pandemia como todas unas guerreras, a veces incluso descuidando a sus propias familias por cumplir con su deber.  <\/p>\n\n\n\n<p class=\"MsoNormal\">\u201cNo es nada f\u00e1cil en un pa\u00eds donde no existen las condiciones \u00f3ptimas y necesarias para el personal de salud, en el que los hospitales carecen de todos los insumos adecuados para poder enfrentar esta situaci\u00f3n, en donde la corrupci\u00f3n impera en todos los niveles de gobierno y que han desviado los recursos durante d\u00e9cadas\u201d, refirieron en sus redes sociales.&nbsp;<\/p>\n\n\n\n<p class=\"MsoNormal\">As\u00ed mismo manifestaron que en su condici\u00f3n de mujeres, las enfermeras tambi\u00e9n han sufrido alg\u00fan tipo de acoso o violencia al interior de los centros hospitalarios y que la mayor\u00eda de las veces los violentadores han sido protegidos por sindicatos y autoridades de salud.&nbsp;<\/p>\n\n\n\n<p class=\"MsoNormal\">De ah\u00ed que redoblaron el reconocimiento al personal de enfermer\u00eda, particularmente a quienes han apoyado casos de violencia de g\u00e9nero y feminicida con acompa\u00f1amiento dentro de sus hospitales. <\/p>\n","protected":false},"excerpt":{"rendered":"<p>Evlin Arag\u00f3n\/Zona Roja. Oaxaca de Ju\u00e1rez, Oax., 6 de enero de 2021.- Ante la saturaci\u00f3n&hellip;<\/p>\n","protected":false},"author":2,"featured_media":22089,"comment_status":"closed","ping_status":"open","sticky":false,"template":"","format":"standard","meta":{"_lmt_disableupdate":"","_lmt_disable":"","_jetpack_memberships_contains_paid_content":false,"footnotes":""},"categories":[109,46],"tags":[2343],"class_list":["post-22090","post","type-post","status-publish","format-standard","has-post-thumbnail","hentry","category-minuto-a-minuto","category-zona-blanca","tag-dia-de-la-enfermera"],"jetpack_featured_media_url":"https:\/\/zonaroja.com.mx\/wp-content\/uploads\/2021\/01\/img_0374.jpg","jetpack_sharing_enabled":true,"_links":{"self":[{"href":"https:\/\/zonaroja.com.mx\/index.php?rest_route=\/wp\/v2\/posts\/22090","targetHints":{"allow":["GET"]}}],"collection":[{"href":"https:\/\/zonaroja.com.mx\/index.php?rest_route=\/wp\/v2\/posts"}],"about":[{"href":"https:\/\/zonaroja.com.mx\/index.php?rest_route=\/wp\/v2\/types\/post"}],"author":[{"embeddable":true,"href":"https:\/\/zonaroja.com.mx\/index.php?rest_route=\/wp\/v2\/users\/2"}],"replies":[{"embeddable":true,"href":"https:\/\/zonaroja.com.mx\/index.php?rest_route=%2Fwp%2Fv2%2Fcomments&post=22090"}],"version-history":[{"count":1,"href":"https:\/\/zonaroja.com.mx\/index.php?rest_route=\/wp\/v2\/posts\/22090\/revisions"}],"predecessor-version":[{"id":22091,"href":"https:\/\/zonaroja.com.mx\/index.php?rest_route=\/wp\/v2\/posts\/22090\/revisions\/22091"}],"wp:featuredmedia":[{"embeddable":true,"href":"https:\/\/zonaroja.com.mx\/index.php?rest_route=\/wp\/v2\/media\/22089"}],"wp:attachment":[{"href":"https:\/\/zonaroja.com.mx\/index.php?rest_route=%2Fwp%2Fv2%2Fmedia&parent=22090"}],"wp:term":[{"taxonomy":"category","embeddable":true,"href":"https:\/\/zonaroja.com.mx\/index.php?rest_route=%2Fwp%2Fv2%2Fcategories&post=22090"},{"taxonomy":"post_tag","embeddable":true,"href":"https:\/\/zonaroja.com.mx\/index.php?rest_route=%2Fwp%2Fv2%2Ftags&post=22090"}],"curies":[{"name":"wp","href":"https:\/\/api.w.org\/{rel}","templated":true}]}}