{"id":22092,"date":"2021-01-06T15:16:10","date_gmt":"2021-01-06T21:16:10","guid":{"rendered":"http:\/\/www.zonaroja.com.mx\/?p=22092"},"modified":"2021-01-06T15:16:17","modified_gmt":"2021-01-06T21:16:17","slug":"alianzas-prenden-las-alertas-en-partidos-de-oaxaca-podrian-generar-nuevas-rupturas","status":"publish","type":"post","link":"https:\/\/zonaroja.com.mx\/?p=22092","title":{"rendered":"Alianzas prenden las alertas en partidos de Oaxaca; podr\u00edan generar nuevas rupturas"},"content":{"rendered":"\n<p>Evlin Arag\u00f3n\/Zona Roja.<\/p>\n\n\n\n<p>Oaxaca de Ju\u00e1rez, Oax., 6 de enero de 2021.- Aunque a nivel nacional se ha avalado e incluso registrado ante el Instituto Nacional Electoral una coalici\u00f3n entre los partidos Acci\u00f3n Nacional, de la Revoluci\u00f3n Democr\u00e1tica y Revolucionario Institucional, denominada \u201cVa por M\u00e9xico\u201d; en Oaxaca una corriente del Sol Azteca se niega a establecer una alianza con el tricolor, con quien hist\u00f3ricamente ha mostrado ideales opuestos.&nbsp;<\/p>\n\n\n\n<p>Sin embargo, otra corriente perredista encabezada por el actual presidente del comit\u00e9 ejecutivo, Jos\u00e9 Julio Antonio Aquino, y el secretario general, Raymundo Carmona Laredo, no descarta la posibilidad de dicha alianza s\u00f3lo con el PAN, para darle batalla a Morena, principal fuerza pol\u00edtica en la entidad, durante este proceso electoral.&nbsp;<\/p>\n\n\n\n<p>Este mi\u00e9rcoles, Palem\u00f3n Gregorio Bautista, presidente de la Mesa Directiva del Consejo Estatal del PRD en Oaxaca, asegur\u00f3 que no se oponen ni les espanta el tema de las alianzas, por el contrario, han sido impulsores de algunas de estas, sin embargo, en esta ocasi\u00f3n no lo ven viable, particularmente con el PRI.<\/p>\n\n\n\n<p>\u201cEn este momento, para el estado de Oaxaca, no vemos viable, no nos vemos en una alianza con el Partido Revolucionario Institucional, el PRI\u201d, refiri\u00f3 en conferencia de prensa en la que estuvieron ausentes los dirigentes Jos\u00e9 Julio Antonio Aquino y Raymundo Carmona Laredo.<\/p>\n\n\n\n<p>Explic\u00f3 que, aunque desde el 2004 han explorado el tema de las alianzas, incluso las han concretado con Acci\u00f3n Nacional, en esta ocasi\u00f3n no se miran pidiendo el voto a la ciudadan\u00eda, de la mano del tricolor.<\/p>\n\n\n\n<p>De ah\u00ed que el tema de la coalici\u00f3n pueda causar una nueva fractura al interior del PRD, que en las anteriores elecciones se vio seriamente afectado con la reducci\u00f3n de su militancia y la representatividad en puestos populares al interior del Congreso local y ayuntamientos.<\/p>\n\n\n\n<figure class=\"wp-block-embed-twitter wp-block-embed is-type-rich is-provider-twitter\"><div class=\"wp-block-embed__wrapper\">\n<div class=\"twitter-tweet\"><blockquote class=\"twitter-tweet\" data-lang=\"es\"><p lang=\"es\" dir=\"ltr\"><a href=\"https:\/\/twitter.com\/hashtag\/ENVIVO?src=hash&amp;ref_src=twsrc%5Etfw\">#ENVIVO<\/a><br>Oaxaca de Ju\u00e1rez, Oax., 6 de enero de 2020.- Conferencia de prensa del Partido de la Revoluci\u00f3n Democr\u00e1tica (PRD); reitera su rechazo a una alianza por el PRI. Tampoco lo har\u00eda con Morena. <br>Aqu\u00ed la transmisi\u00f3n:<br>\ud83d\udc47<a href=\"https:\/\/t.co\/Uaw1o34PNL\">https:\/\/t.co\/Uaw1o34PNL<\/a> <a href=\"https:\/\/t.co\/QcqCxepbV1\">pic.twitter.com\/QcqCxepbV1<\/a><\/p>&mdash; Zona Roja Oaxaca (@MexRoja) <a href=\"https:\/\/twitter.com\/MexRoja\/status\/1346856618101760003?ref_src=twsrc%5Etfw\">6 de enero de 2021<\/a><\/blockquote><\/div>\n<\/div><\/figure>\n\n\n\n<p>RUPTURAS POR TODOS LADOS<\/p>\n\n\n\n<p>Las alianzas han puesto en aprietos a otros \u00f3rganos pol\u00edticos, ya que a nivel nacional Morena registr\u00f3 una coalici\u00f3n con los partidos del Trabajo y Verde Ecologista de M\u00e9xico, la cual no ha sido del todo bien vista en la entidad oaxaque\u00f1a.&nbsp;<\/p>\n\n\n\n<p>De forma particular la alianza entre PVEM y Morena es la que m\u00e1s escozor ha causado con la militancia de este \u00faltimo partido, ya que en Oaxaca el Verde Ecologista est\u00e1 sumamente vinculado con el PRI, muchos lo califican incluso como una extensi\u00f3n del tricolor.&nbsp;<\/p>\n\n\n\n<p>Militantes morenistas se han mostrado en oposici\u00f3n ante la posibilidad de replicar la uni\u00f3n propuesta a nivel nacional, particularmente porque conf\u00edan en la fuerza que a\u00fan tiene el partido en Oaxaca.<\/p>\n\n\n\n<p>\u201cMi voto p\u00fablico a favor de que se respete el acuerdo del consejo estatal de Morena. No a la coalici\u00f3n con el verde en Oaxaca\u201d, refiri\u00f3 en sus redes sociales, Flavio Sosa Villavicencio, consejero de Morena ante el INE.<\/p>\n\n\n\n<p>El tiempo para definir las alianzas se agota, ya que este mi\u00e9rcoles 6 de enero concluye el plazo para presentar las solicitudes de registro de convenios de coalici\u00f3n para diputaciones y hasta el 12 de enero para concejal\u00edas, ello de acuerdo con el calendario emitido por el Instituto Estatal Electoral y de Participaci\u00f3n Ciudadana.<\/p>\n","protected":false},"excerpt":{"rendered":"<p>Evlin Arag\u00f3n\/Zona Roja. Oaxaca de Ju\u00e1rez, Oax., 6 de enero de 2021.- Aunque a nivel&hellip;<\/p>\n","protected":false},"author":2,"featured_media":22093,"comment_status":"closed","ping_status":"open","sticky":false,"template":"","format":"standard","meta":{"_lmt_disableupdate":"","_lmt_disable":"","_jetpack_memberships_contains_paid_content":false,"footnotes":""},"categories":[109,47],"tags":[],"class_list":["post-22092","post","type-post","status-publish","format-standard","has-post-thumbnail","hentry","category-minuto-a-minuto","category-zona-gris"],"jetpack_featured_media_url":"https:\/\/zonaroja.com.mx\/wp-content\/uploads\/2021\/01\/PRDPRI.jpg","jetpack_sharing_enabled":true,"_links":{"self":[{"href":"https:\/\/zonaroja.com.mx\/index.php?rest_route=\/wp\/v2\/posts\/22092","targetHints":{"allow":["GET"]}}],"collection":[{"href":"https:\/\/zonaroja.com.mx\/index.php?rest_route=\/wp\/v2\/posts"}],"about":[{"href":"https:\/\/zonaroja.com.mx\/index.php?rest_route=\/wp\/v2\/types\/post"}],"author":[{"embeddable":true,"href":"https:\/\/zonaroja.com.mx\/index.php?rest_route=\/wp\/v2\/users\/2"}],"replies":[{"embeddable":true,"href":"https:\/\/zonaroja.com.mx\/index.php?rest_route=%2Fwp%2Fv2%2Fcomments&post=22092"}],"version-history":[{"count":1,"href":"https:\/\/zonaroja.com.mx\/index.php?rest_route=\/wp\/v2\/posts\/22092\/revisions"}],"predecessor-version":[{"id":22094,"href":"https:\/\/zonaroja.com.mx\/index.php?rest_route=\/wp\/v2\/posts\/22092\/revisions\/22094"}],"wp:featuredmedia":[{"embeddable":true,"href":"https:\/\/zonaroja.com.mx\/index.php?rest_route=\/wp\/v2\/media\/22093"}],"wp:attachment":[{"href":"https:\/\/zonaroja.com.mx\/index.php?rest_route=%2Fwp%2Fv2%2Fmedia&parent=22092"}],"wp:term":[{"taxonomy":"category","embeddable":true,"href":"https:\/\/zonaroja.com.mx\/index.php?rest_route=%2Fwp%2Fv2%2Fcategories&post=22092"},{"taxonomy":"post_tag","embeddable":true,"href":"https:\/\/zonaroja.com.mx\/index.php?rest_route=%2Fwp%2Fv2%2Ftags&post=22092"}],"curies":[{"name":"wp","href":"https:\/\/api.w.org\/{rel}","templated":true}]}}