{"id":22095,"date":"2021-01-07T07:00:42","date_gmt":"2021-01-07T13:00:42","guid":{"rendered":"http:\/\/www.zonaroja.com.mx\/?p=22095"},"modified":"2021-01-06T22:08:50","modified_gmt":"2021-01-07T04:08:50","slug":"y-en-mexico-funcionarios-de-nueva-zelanda-y-canada-renunciaron-por-turistear-en-plena-pandemia","status":"publish","type":"post","link":"https:\/\/zonaroja.com.mx\/?p=22095","title":{"rendered":"\u00bfY en M\u00e9xico? Funcionarios de Nueva Zelanda y Canad\u00e1 renunciaron por turistear en plena pandemia"},"content":{"rendered":"\n<p>Redacci\u00f3n\/Zona Roja Cdmx.<\/p>\n\n\n\n<p>Ciudad de M\u00e9xico, 7 de enero de 2021.- Las im\u00e1genes del subsecretario de Prevenci\u00f3n para la Salud, Hugo L\u00f3pez-Gatell, vacacionando en una playa de Oaxaca, causaron indignaci\u00f3n y cr\u00edticas en redes sociales para el encargado de dirigir la estrategia contra la pandemia de Covid-19 en M\u00e9xico.<\/p>\n\n\n\n<p>L\u00f3pez-Gatell confirm\u00f3 el lunes en su conferencia vespertina que el fin de semana de a\u00f1o nuevo estuvo en la regi\u00f3n de Pochutla, en la costa de Oaxaca, con la finalidad de visitar a familiares y amigos.<\/p>\n\n\n\n<p>Sin embargo, los internautas le recordaron al funcionario las renuncias de servidores p\u00fablicos de Nueva Zelanda y Canad\u00e1, quienes admitieron haber cometido un error al viajar a la playa mientras la pandemia de coronavirus a\u00fan contin\u00faa.<\/p>\n\n\n\n<p>David Clark, el ministro de Salud de Nueva Zelanda, dej\u00f3 el cargo tras las cr\u00edticas por vacacionar en julio de 2020. El funcionario admiti\u00f3 haber roto la cuarentena para ir con su familia a la playa.<\/p>\n\n\n\n<p>En su momento, Clark explic\u00f3 que continuar en su papel distra\u00eda la respuesta general del gobierno a la pandemia. Coment\u00f3 que asum\u00eda toda la responsabilidad. \u00abHe tomado la decisi\u00f3n, es mejor para m\u00ed hacerme a un lado\u00bb. explic\u00f3.<\/p>\n\n\n\n<p>El pasado 2 de enero, el ministro de Finanzas de Ontario, Rod Phillips, renunci\u00f3 a su puesto luego de descubrirse que tuvo unas vacaciones secretas en una lujosa isla caribe\u00f1a, mientras la pandemia de Covid-19 se desataba en la provincia.<\/p>\n\n\n\n<p>\u00abHoy (2 de enero), luego de mi conversaci\u00f3n con Rod Phillips, he aceptado su renuncia como ministro de Finanzas de Ontario\u00bb, dijo el primer ministro de Ontario, Doug Ford, en un comunicado.<\/p>\n\n\n\n<p>\u00abEn un momento en que la gente de Ontario ha sacrificado tanto, la renuncia de hoy es una demostraci\u00f3n de que nuestro gobierno toma en serio nuestra obligaci\u00f3n de mantenernos a un nivel m\u00e1s alto\u00bb, dijo.<\/p>\n\n\n\n<p>La ira p\u00fablica tambi\u00e9n se dirigi\u00f3 al primer ministro de Ontario, Doug Ford, a pesar de su condena p\u00fablica de la decisi\u00f3n de Phillips, ya que qued\u00f3 claro que Ford sab\u00eda sobre las vacaciones hace dos semanas.<\/p>\n\n\n\n<p>Cuando lleg\u00f3 al aeropuerto Pearson de Toronto el pasado 31 de diciembre, Phillips llam\u00f3 a su escapada un \u00aberror tonto\u00bb.<\/p>\n","protected":false},"excerpt":{"rendered":"<p>Redacci\u00f3n\/Zona Roja Cdmx. Ciudad de M\u00e9xico, 7 de enero de 2021.- Las im\u00e1genes del subsecretario&hellip;<\/p>\n","protected":false},"author":2,"featured_media":22096,"comment_status":"closed","ping_status":"open","sticky":false,"template":"","format":"standard","meta":{"_lmt_disableupdate":"","_lmt_disable":"","_jetpack_memberships_contains_paid_content":false,"footnotes":""},"categories":[109,47],"tags":[1874],"class_list":["post-22095","post","type-post","status-publish","format-standard","has-post-thumbnail","hentry","category-minuto-a-minuto","category-zona-gris","tag-hugo-lopez-gatell"],"jetpack_featured_media_url":"https:\/\/zonaroja.com.mx\/wp-content\/uploads\/2021\/01\/Ministros-Canada-y-N-Zelanda.jpg","jetpack_sharing_enabled":true,"_links":{"self":[{"href":"https:\/\/zonaroja.com.mx\/index.php?rest_route=\/wp\/v2\/posts\/22095","targetHints":{"allow":["GET"]}}],"collection":[{"href":"https:\/\/zonaroja.com.mx\/index.php?rest_route=\/wp\/v2\/posts"}],"about":[{"href":"https:\/\/zonaroja.com.mx\/index.php?rest_route=\/wp\/v2\/types\/post"}],"author":[{"embeddable":true,"href":"https:\/\/zonaroja.com.mx\/index.php?rest_route=\/wp\/v2\/users\/2"}],"replies":[{"embeddable":true,"href":"https:\/\/zonaroja.com.mx\/index.php?rest_route=%2Fwp%2Fv2%2Fcomments&post=22095"}],"version-history":[{"count":2,"href":"https:\/\/zonaroja.com.mx\/index.php?rest_route=\/wp\/v2\/posts\/22095\/revisions"}],"predecessor-version":[{"id":22114,"href":"https:\/\/zonaroja.com.mx\/index.php?rest_route=\/wp\/v2\/posts\/22095\/revisions\/22114"}],"wp:featuredmedia":[{"embeddable":true,"href":"https:\/\/zonaroja.com.mx\/index.php?rest_route=\/wp\/v2\/media\/22096"}],"wp:attachment":[{"href":"https:\/\/zonaroja.com.mx\/index.php?rest_route=%2Fwp%2Fv2%2Fmedia&parent=22095"}],"wp:term":[{"taxonomy":"category","embeddable":true,"href":"https:\/\/zonaroja.com.mx\/index.php?rest_route=%2Fwp%2Fv2%2Fcategories&post=22095"},{"taxonomy":"post_tag","embeddable":true,"href":"https:\/\/zonaroja.com.mx\/index.php?rest_route=%2Fwp%2Fv2%2Ftags&post=22095"}],"curies":[{"name":"wp","href":"https:\/\/api.w.org\/{rel}","templated":true}]}}