{"id":22100,"date":"2021-01-06T16:05:33","date_gmt":"2021-01-06T22:05:33","guid":{"rendered":"http:\/\/www.zonaroja.com.mx\/?p=22100"},"modified":"2021-01-06T22:06:24","modified_gmt":"2021-01-07T04:06:24","slug":"el-covid-reforzo-el-valor-de-la-enfermeria-yesica-guerra-de-bata-blanca","status":"publish","type":"post","link":"https:\/\/zonaroja.com.mx\/?p=22100","title":{"rendered":"El Covid reforz\u00f3 el valor de la enfermer\u00eda: Y\u00e9sica, guerrera de bata blanca"},"content":{"rendered":"\n<p>Yuridiana Sosa\/Zona Roja.<\/p>\n\n\n\n<p>Oaxaca de Ju\u00e1rez, Oax., 6 de enero de 2021.- Su esp\u00edritu se siente fortalecido, y aunque por d\u00edas las jornadas de trabajo parecen no acabar, voltear a ver sus a pacientes recuperados del Covid-19, le devuelven la fuerza f\u00edsica para continuar la batalla contra este virus.<\/p>\n\n\n\n<p>Es Y\u00e9sica Mart\u00ednez Mariano, enfermera operativa para el servicio del paciente oncol\u00f3gico y hematol\u00f3gico en el Hospital Regional de Alta Especialidad de Oaxaca (HRAEO), originaria de San Juan Bautista Tuxtepec.<\/p>\n\n\n\n<p>Desde hace 11 a\u00f1os se ha dedicado en cuerpo y alma a la enfermer\u00eda, profesi\u00f3n que se debe ejercer desde el cuidado humanizado, donde la enfermera adem\u00e1s de conocer las necesidades f\u00edsicas del paciente tambi\u00e9n atiende las heridas emociones y hasta funge como confidente.<\/p>\n\n\n\n<p>Para Y\u00e9sica, el Covid-19, adem\u00e1s de retos importantes para el sector salud, tambi\u00e9n mostr\u00f3 el valor de la enfermer\u00eda, m\u00e1s que nunca la profesi\u00f3n fue reconocida, lo cual a\u00fan no ocurre con una retribuci\u00f3n econ\u00f3mica.<\/p>\n\n\n\n<p>En lo personal, la pandemia tambi\u00e9n la motiva a continuar su preparaci\u00f3n, ahora con un doctorado en Administraci\u00f3n, pues se dio cuenta que en las instituciones se carece de un buen liderazgo, pero sobre todo de compromiso y dedicaci\u00f3n para sobrellevar este tipo de contingencias.<\/p>\n\n\n\n<p>MIEDOS Y RETOS<\/p>\n\n\n\n<p>Al comienzo de la pandemia, el miedo la invadi\u00f3, pero no se dej\u00f3 vencer por el p\u00e1nico. Sab\u00eda que ten\u00eda que enfrentar la situaci\u00f3n. A su cargo, el Hospital Regional de Alta Especialidad de Oaxaca recibi\u00f3 al primer paciente con Covid en terapia intensiva.<\/p>\n\n\n\n<p>\u201cMe sent\u00ed frustrada en el mes de marzo que iniciamos con la pandemia, estaba como supervisora del turno vespertino del Hospital Regional de Alta Especialidad, mis colegas que estaban a mi cargo ten\u00edan mucho temor el tocar o tratar a un paciente donde la enfermedad se desconoc\u00eda.<\/p>\n\n\n\n<p>\u201cSin embargo, trabaj\u00e9 con ellos la parte emocional donde trataba de resaltar sus conocimientos y el compromiso que ten\u00edamos con la sociedad\u201d, dice la Maestra Administraci\u00f3n en Instituciones de Salud por el Instituto Universitario Veracruzano.<\/p>\n\n\n\n<p>Y\u00e9sica estaba convencida que si hac\u00eda sentir seguros a sus colegas sobre su labor, saldr\u00edan adelante. Y as\u00ed fue como el primer paciente se recuper\u00f3 de Covid-19 pese a todo pron\u00f3stico, pues fue un se\u00f1or de 65 a\u00f1os y con comorbilidades.<\/p>\n\n\n\n<p>\u201cEsa situaci\u00f3n nos hizo m\u00e1s sensibles, m\u00e1s humanos y m\u00e1s emp\u00e1ticos con los pacientes, pero tambi\u00e9n nos mostr\u00f3 que somos una profesi\u00f3n noble que ayuda, acompa\u00f1a, suple las funciones del enfermo\u201d, expresa.<\/p>\n\n\n\n<p>Es por eso que desde su cargo como Subjefa de Enfermeras, hizo un programa de contingencia para atender pacientes Covid para la organizaci\u00f3n y administrando al personal que entraba a atender a los pacientes enfermos del coronavirus.<\/p>\n\n\n\n<p>Su labor fue reconocida con el primer lugar en el campo de administraci\u00f3n, el Cuarto Congreso Nacional de Enfermer\u00eda en la Alta Especialidad y Sexta Jornada de investigaci\u00f3n en los Hospitales Regionales de Alta Especialidad.<\/p>\n\n\n\n<figure class=\"wp-block-image size-large\"><img decoding=\"async\" src=\"http:\/\/www.zonaroja.com.mx\/wp-content\/uploads\/2021\/01\/Yesica-Martinez-1024x725.jpg\" alt=\"\" class=\"wp-image-22101\" \/><\/figure>\n\n\n\n<p>Mart\u00ednez Mariano llama a la poblaci\u00f3n \u201ca tomar esta enfermedad de Covid-19 con seriedad y empat\u00eda hacia el personal de salud, ya que el 2020 fue un a\u00f1o donde hubo muertes masivas y si seguimos relaj\u00e1ndonos en nuestras medidas este 2021 no ser\u00e1 diferente\u201d.<\/p>\n\n\n\n<p>Dice que a este inicio de a\u00f1o estamos a tiempo de cambiar el rumbo del 2021, por lo que es necesario dejar de salir a fiestas y evitar las compras innecesarias.<\/p>\n\n\n\n<p>\u201cEs muy deprimente no poder acompa\u00f1ar a tu familiar en el hospital, hemos visto a pacientes que se han ido de este mundo solos sin poder decir adi\u00f3s a su familia o viceversa, su familia despedirse de su familiar. No es lo mismo hacer una videollamada que poder tocar a su familia\u201d, recalca.<\/p>\n\n\n\n<p>PREPARACI\u00d3N<\/p>\n\n\n\n<p>Y\u00e9sica Mart\u00ednez Mariano es licenciada en Enfermer\u00eda con una especialidad en Enfermer\u00eda del Anciano egresada del Instituto Nacional de Ciencias M\u00e9dicas y Nutrici\u00f3n \u201cSalvador Zubir\u00e1n\u201d (INCMNSZ) por parte de La UNAM.<\/p>\n\n\n\n<p>Tambi\u00e9n cuenta con una Maestr\u00eda en Administraci\u00f3n en Instituciones de Salud por el Instituto Universitario Veracruzano.<\/p>\n\n\n\n<p>Es docente de Diplomados de Enfermer\u00eda en el Cuidado del Adulto Mayor y Diplomado en Administraci\u00f3n en los Servicios de Enfermer\u00eda por parte de la Sociedad de Diplomados de Alta Especialidad Cl\u00ednica en la que es presidenta. Ella inicio su profesi\u00f3n a los 19 a\u00f1os de edad en el Hospital General de Tuxtepec.<\/p>\n","protected":false},"excerpt":{"rendered":"<p>Yuridiana Sosa\/Zona Roja. Oaxaca de Ju\u00e1rez, Oax., 6 de enero de 2021.- Su esp\u00edritu se&hellip;<\/p>\n","protected":false},"author":2,"featured_media":22102,"comment_status":"closed","ping_status":"open","sticky":false,"template":"","format":"standard","meta":{"_lmt_disableupdate":"","_lmt_disable":"","_jetpack_memberships_contains_paid_content":false,"footnotes":""},"categories":[109,46],"tags":[2344],"class_list":["post-22100","post","type-post","status-publish","format-standard","has-post-thumbnail","hentry","category-minuto-a-minuto","category-zona-blanca","tag-yesica-martinez-mariano"],"jetpack_featured_media_url":"https:\/\/zonaroja.com.mx\/wp-content\/uploads\/2021\/01\/Yesica-Martinez-1.jpg","jetpack_sharing_enabled":true,"_links":{"self":[{"href":"https:\/\/zonaroja.com.mx\/index.php?rest_route=\/wp\/v2\/posts\/22100","targetHints":{"allow":["GET"]}}],"collection":[{"href":"https:\/\/zonaroja.com.mx\/index.php?rest_route=\/wp\/v2\/posts"}],"about":[{"href":"https:\/\/zonaroja.com.mx\/index.php?rest_route=\/wp\/v2\/types\/post"}],"author":[{"embeddable":true,"href":"https:\/\/zonaroja.com.mx\/index.php?rest_route=\/wp\/v2\/users\/2"}],"replies":[{"embeddable":true,"href":"https:\/\/zonaroja.com.mx\/index.php?rest_route=%2Fwp%2Fv2%2Fcomments&post=22100"}],"version-history":[{"count":2,"href":"https:\/\/zonaroja.com.mx\/index.php?rest_route=\/wp\/v2\/posts\/22100\/revisions"}],"predecessor-version":[{"id":22113,"href":"https:\/\/zonaroja.com.mx\/index.php?rest_route=\/wp\/v2\/posts\/22100\/revisions\/22113"}],"wp:featuredmedia":[{"embeddable":true,"href":"https:\/\/zonaroja.com.mx\/index.php?rest_route=\/wp\/v2\/media\/22102"}],"wp:attachment":[{"href":"https:\/\/zonaroja.com.mx\/index.php?rest_route=%2Fwp%2Fv2%2Fmedia&parent=22100"}],"wp:term":[{"taxonomy":"category","embeddable":true,"href":"https:\/\/zonaroja.com.mx\/index.php?rest_route=%2Fwp%2Fv2%2Fcategories&post=22100"},{"taxonomy":"post_tag","embeddable":true,"href":"https:\/\/zonaroja.com.mx\/index.php?rest_route=%2Fwp%2Fv2%2Ftags&post=22100"}],"curies":[{"name":"wp","href":"https:\/\/api.w.org\/{rel}","templated":true}]}}