{"id":22104,"date":"2021-01-06T21:22:59","date_gmt":"2021-01-07T03:22:59","guid":{"rendered":"http:\/\/www.zonaroja.com.mx\/?p=22104"},"modified":"2021-01-06T21:43:39","modified_gmt":"2021-01-07T03:43:39","slug":"inicia-2021-con-mas-violencia-contra-mujeres-en-oaxaca-machetean-a-madre-e-hija","status":"publish","type":"post","link":"https:\/\/zonaroja.com.mx\/?p=22104","title":{"rendered":"Inicia 2021 con m\u00e1s violencia contra mujeres en Oaxaca; machetean a madre e hija"},"content":{"rendered":"\n<p>Evlin Arag\u00f3n\/Zona Roja.<\/p>\n\n\n\n<p>Oaxaca de Ju\u00e1rez, Oax., 6 de enero de 2021- Los festejos por la llegada de los Reyes Magos se tornaron sangrientos este mi\u00e9rcoles, ya que madre e hija de nombres Laura y apellido Santiago, fueron heridas de gravedad con un machete.&nbsp;<\/p>\n\n\n\n<p>Los hechos se registraron en la segunda privada de 20 de Noviembre, en el municipio de \u00c1nimas Trujano, conurbado a la capital, desde donde se emiti\u00f3 el llamado a unidades de auxilio y emergencia para atender a las mujeres heridas, una de ellas trasladada en c\u00f3digo rojo, es decir grave.<\/p>\n\n\n\n<p>Como en otros casos &#8211;desafortunadamente la mayor\u00eda&#8211;, ambas mujeres fueron agredidas al interior de su domicilio, lugar que tendr\u00eda que resguardarlas de todo peligro y que en esta ocasi\u00f3n se convirti\u00f3 en un escenario sangriento y lleno de horror.&nbsp;<\/p>\n\n\n\n<p>El presunto agresor es el padre y esposo de las v\u00edctimas, Laura S. S. y Laura S., respectivamente, quien de acuerdo con los reportes preliminares, fue detenido por elementos de la polic\u00eda municipal y puesto a disposici\u00f3n de las autoridades correspondientes.<\/p>\n\n\n\n<p>VIOLENCIA EXTREMA<\/p>\n\n\n\n<p>La historia de violencia de g\u00e9nero y feminicida al interior de los hogares es m\u00e1s com\u00fan de lo que reconocen las autoridades, que con nada han podido parar la ola de agresiones en contra de las mujeres, que se han quedado sin espacios libres seguros.&nbsp;<\/p>\n\n\n\n<p>De acuerdo con el Grupo de Estudios sobre la Mujer \u201cRosario Castellanos\u201d, Oaxaca cerr\u00f3 el 2020 con 111 feminicidios que junto con los acumulados durante los cuatro a\u00f1os de administraci\u00f3n de Alejandro Murat Hinojosa dan un total de 495 casos.&nbsp;<\/p>\n\n\n\n<p>De ellos, 29 casos registrados durante el 2020 fueron cometidos al interior de la vivienda de las mujeres, cuatro de los cuales se realizaron con un machete como arma, al igual que el caso de las dos mujeres atacadas durante la ma\u00f1ana de este mi\u00e9rcoles.&nbsp;&nbsp;<\/p>\n\n\n\n<p>\u201cCausa una profunda preocupaci\u00f3n que miles de hogares han sufrido la p\u00e9rdida de una madre, una hija o una hermana, familias enteras que enfrentan el dolor y la indignaci\u00f3n, a lo que se suma la frustraci\u00f3n por los elevados niveles de impunidad por la falta de justicia\u201d, refiri\u00f3 la representante de GesMujer, Ang\u00e9lica Ayala, a finales del 2020.&nbsp;&nbsp;<\/p>\n\n\n\n<p>Valles Centrales al igual que el Istmo de Tehuantepec representan las dos regiones con mayor riesgo para las oaxaque\u00f1as, seguidas de la Cuenca y Costa que hacen sumamente violento a la mitad del territorio.<\/p>\n\n\n\n<p>De acuerdo con la organizaci\u00f3n, la violencia de g\u00e9nero y feminicida no es s\u00f3lo un tema de mujeres, sino que involucra y afecta a toda la sociedad. De ah\u00ed que pidieron acciones contundentes por parte de las autoridades para erradicarla de una vez por todas.&nbsp;<\/p>\n\n\n\n<p>\u201cCada ni\u00f1a y mujer v\u00edctima de la violencia feminicida, es una herida social, porque afecta a su entorno inmediato y a la sociedad en su conjunto\u201d, dijo.&nbsp;<\/p>\n\n\n\n<p>UN ASESINADO<\/p>\n\n\n\n<p>Por otra parte, en el municipio de Miahuatl\u00e1n de Porfirio D\u00edaz, en la regi\u00f3n Sierra Sur de Oaxaca, fue ultimada a balazos una persona del sexo masculino.<\/p>\n\n\n\n<p>Fue ultimado en la comunidad de El Zapote e identificado de manera preliminar como Artemio Bustamante.<\/p>\n\n\n\n<p>IDENTIFICAN A EJECUTADO<\/p>\n\n\n\n<p>Por otra parte, fuentes de la Fiscal\u00eda General del Estado revelaron la identidad de la persona ejecutada ayer martes en Juchit\u00e1n de Zaragoza y cuyo cuerpo fue hallado en un basurero, maniatado y con huellas de tortura.<\/p>\n\n\n\n<p>Se trata de Julio Elionay T. E., de 24 a\u00f1os de edad, originario de San Juan Bautista Tuxtepec y se dedicaba a la alba\u00f1iler\u00eda; a\u00fan se desconocen las causas o motivos del homicidio.<\/p>\n","protected":false},"excerpt":{"rendered":"<p>Evlin Arag\u00f3n\/Zona Roja. Oaxaca de Ju\u00e1rez, Oax., 6 de enero de 2021- Los festejos por&hellip;<\/p>\n","protected":false},"author":2,"featured_media":3125,"comment_status":"closed","ping_status":"open","sticky":false,"template":"","format":"standard","meta":{"_lmt_disableupdate":"","_lmt_disable":"","_jetpack_memberships_contains_paid_content":false,"footnotes":""},"categories":[109,51],"tags":[2345],"class_list":["post-22104","post","type-post","status-publish","format-standard","has-post-thumbnail","hentry","category-minuto-a-minuto","category-zona-roja","tag-violencia-contra-mujeres-en-oaxaca"],"jetpack_featured_media_url":"https:\/\/zonaroja.com.mx\/wp-content\/uploads\/2019\/08\/Machetazo.jpg","jetpack_sharing_enabled":true,"_links":{"self":[{"href":"https:\/\/zonaroja.com.mx\/index.php?rest_route=\/wp\/v2\/posts\/22104","targetHints":{"allow":["GET"]}}],"collection":[{"href":"https:\/\/zonaroja.com.mx\/index.php?rest_route=\/wp\/v2\/posts"}],"about":[{"href":"https:\/\/zonaroja.com.mx\/index.php?rest_route=\/wp\/v2\/types\/post"}],"author":[{"embeddable":true,"href":"https:\/\/zonaroja.com.mx\/index.php?rest_route=\/wp\/v2\/users\/2"}],"replies":[{"embeddable":true,"href":"https:\/\/zonaroja.com.mx\/index.php?rest_route=%2Fwp%2Fv2%2Fcomments&post=22104"}],"version-history":[{"count":2,"href":"https:\/\/zonaroja.com.mx\/index.php?rest_route=\/wp\/v2\/posts\/22104\/revisions"}],"predecessor-version":[{"id":22106,"href":"https:\/\/zonaroja.com.mx\/index.php?rest_route=\/wp\/v2\/posts\/22104\/revisions\/22106"}],"wp:featuredmedia":[{"embeddable":true,"href":"https:\/\/zonaroja.com.mx\/index.php?rest_route=\/wp\/v2\/media\/3125"}],"wp:attachment":[{"href":"https:\/\/zonaroja.com.mx\/index.php?rest_route=%2Fwp%2Fv2%2Fmedia&parent=22104"}],"wp:term":[{"taxonomy":"category","embeddable":true,"href":"https:\/\/zonaroja.com.mx\/index.php?rest_route=%2Fwp%2Fv2%2Fcategories&post=22104"},{"taxonomy":"post_tag","embeddable":true,"href":"https:\/\/zonaroja.com.mx\/index.php?rest_route=%2Fwp%2Fv2%2Ftags&post=22104"}],"curies":[{"name":"wp","href":"https:\/\/api.w.org\/{rel}","templated":true}]}}