{"id":22107,"date":"2021-01-06T21:58:13","date_gmt":"2021-01-07T03:58:13","guid":{"rendered":"http:\/\/www.zonaroja.com.mx\/?p=22107"},"modified":"2021-01-06T21:58:20","modified_gmt":"2021-01-07T03:58:20","slug":"no-cesa-violencia-en-zona-triqui-de-oaxaca-rechazan-a-la-guardia-nacional","status":"publish","type":"post","link":"https:\/\/zonaroja.com.mx\/?p=22107","title":{"rendered":"No cesa violencia en zona triqui de Oaxaca; rechazan a la Guardia Nacional"},"content":{"rendered":"\n<p>Yuridiana Sosa\/Zona Roja.<\/p>\n\n\n\n<p>Oaxaca de Ju\u00e1rez, Oax., 6 de enero de 2021.- A pesar de que la Secretar\u00eda General de Gobierno de Oaxaca inform\u00f3 que instal\u00f3 mesas de trabajo con las partes involucradas, la violencia no cesa en la zona triqui del estado y este mi\u00e9rcoles fue rechazada la presencia de la Guardia Nacional.<\/p>\n\n\n\n<p>En tanto, habitantes de la agencia de Tierra Blanca Copala, de Santiago Juxtlahuaca, negaron la existencia de personas desplazadas de la comunidad por la violencia, no obstante que decenas de ellas huyeron del lugar por los conflictos armados, por el control pol\u00edtico de la zona.<\/p>\n\n\n\n<p>Sin embrago, a trav\u00e9s del mismo comunicado un grupo de ind\u00edgenas triquis se\u00f1al\u00f3 que algunas familias no han podido regresar debido a que existen grupos de \u201cparamilitares\u201d que no permiten el ingreso desde el pasado 4 de enero.<\/p>\n\n\n\n<p>Sobre esta situaci\u00f3n responsabilizan a Macario Merino, dirigente del Movimiento de Unificaci\u00f3n de Lucha Triqui Independiente (MULTI); Mart\u00edn Anacleto, de la Confederaci\u00f3n Nacional Campesina (CNC), y Fabi\u00e1n Pereda Pereda, de la Unidad de Bienestar Social de la Regi\u00f3n Triqui (Ubisort).<\/p>\n\n\n\n<p>Al mismo tiempo, se\u00f1alaron que esas organizaciones sociales sostienen un doble discurso sobre buscar la paz para Tierra Blanca Copala, pues son ellos mismos los encargados de dirigir y proveer de armas los grupos paramilitares que los intimidan.<\/p>\n\n\n\n<p>En el caso espec\u00edfico de Pereda Pereda, acusaron que el l\u00edder es uno de los ex \u201cporros\u201d de la UABJO en el 2006 y quien particip\u00f3 para encabezar las caravanas de la muerte al servicio del ex gobernador Ulises Ruiz y como premio le otorg\u00f3 la dirigencia de esa organizaci\u00f3n, a pesar que ni siquiera es de la regi\u00f3n Triqui.<\/p>\n\n\n\n<p>Mientras que Macario Merino, l\u00edder del MULTI, es quien a trav\u00e9s de las redes sociales llaman a la violencia, venganza, e incluso a asesinar a personas de Tierra Blanca Copala, destacaron en el documento que difundieron en denuncia.<\/p>\n\n\n\n<p>\u201cEl d\u00eda 4 de enero estas organizaciones empezaron con varios bloqueos en la regi\u00f3n para presionar a las autoridades para que liberaran a Marcos Garc\u00eda de Jes\u00fas, quien es uno de los homicidas de Ismael Cruz Garc\u00eda, asesinado el 16 de noviembre de 2020 en el paraje Tres Cruces, como es su costumbre de presionar a las autoridades para que no les haga nada, piensan hacer lo mismo esta vez\u201d, acusaron pobladores de Tierra Blanca Copala.<\/p>\n\n\n\n<p>Los inconformes realizaron un llamado a las autoridades estatales y federales para que \u201cno se dejen chantajear\u201d por esos grupos y se aplique la ley en contra de todos los asesinos de Ismael Cruz Garc\u00eda.&nbsp;&nbsp;&nbsp;<\/p>\n\n\n\n<p>RECHAZAN A GUARDIA<\/p>\n\n\n\n<p>En tanto, unas 100 familias desplazadas pretendieron regresar a Tierra Blanca Copala, con el acompa\u00f1amiento de la Guardia Nacional, tras ser desplazados desde el 27 de diciembre de 2020.<\/p>\n\n\n\n<p>Sin embargo, seg\u00fan el MULTI, los pobladores de dicha localidad impidieron con personas armadas el regreso a sus casas.<\/p>\n\n\n\n<p>\u201cLas familias que no salieron de ah\u00ed por la violencia no est\u00e1n permitiendo el paso de la Polic\u00eda Estatal, as\u00ed como de la Guardia Nacional y la de la comisi\u00f3n de las familias desplazadas, pues, lo \u00fanico que quieren las personas es pasar a revisar sus casas\u201d, difundieron.<\/p>\n","protected":false},"excerpt":{"rendered":"<p>Yuridiana Sosa\/Zona Roja. Oaxaca de Ju\u00e1rez, Oax., 6 de enero de 2021.- A pesar de&hellip;<\/p>\n","protected":false},"author":2,"featured_media":22108,"comment_status":"closed","ping_status":"open","sticky":false,"template":"","format":"standard","meta":{"_lmt_disableupdate":"","_lmt_disable":"","_jetpack_memberships_contains_paid_content":false,"footnotes":""},"categories":[109,47],"tags":[1712],"class_list":["post-22107","post","type-post","status-publish","format-standard","has-post-thumbnail","hentry","category-minuto-a-minuto","category-zona-gris","tag-tierra-blanca-copala"],"jetpack_featured_media_url":"https:\/\/zonaroja.com.mx\/wp-content\/uploads\/2021\/01\/Bloqueo-zona-triqui.jpg","jetpack_sharing_enabled":true,"_links":{"self":[{"href":"https:\/\/zonaroja.com.mx\/index.php?rest_route=\/wp\/v2\/posts\/22107","targetHints":{"allow":["GET"]}}],"collection":[{"href":"https:\/\/zonaroja.com.mx\/index.php?rest_route=\/wp\/v2\/posts"}],"about":[{"href":"https:\/\/zonaroja.com.mx\/index.php?rest_route=\/wp\/v2\/types\/post"}],"author":[{"embeddable":true,"href":"https:\/\/zonaroja.com.mx\/index.php?rest_route=\/wp\/v2\/users\/2"}],"replies":[{"embeddable":true,"href":"https:\/\/zonaroja.com.mx\/index.php?rest_route=%2Fwp%2Fv2%2Fcomments&post=22107"}],"version-history":[{"count":1,"href":"https:\/\/zonaroja.com.mx\/index.php?rest_route=\/wp\/v2\/posts\/22107\/revisions"}],"predecessor-version":[{"id":22109,"href":"https:\/\/zonaroja.com.mx\/index.php?rest_route=\/wp\/v2\/posts\/22107\/revisions\/22109"}],"wp:featuredmedia":[{"embeddable":true,"href":"https:\/\/zonaroja.com.mx\/index.php?rest_route=\/wp\/v2\/media\/22108"}],"wp:attachment":[{"href":"https:\/\/zonaroja.com.mx\/index.php?rest_route=%2Fwp%2Fv2%2Fmedia&parent=22107"}],"wp:term":[{"taxonomy":"category","embeddable":true,"href":"https:\/\/zonaroja.com.mx\/index.php?rest_route=%2Fwp%2Fv2%2Fcategories&post=22107"},{"taxonomy":"post_tag","embeddable":true,"href":"https:\/\/zonaroja.com.mx\/index.php?rest_route=%2Fwp%2Fv2%2Ftags&post=22107"}],"curies":[{"name":"wp","href":"https:\/\/api.w.org\/{rel}","templated":true}]}}