{"id":22110,"date":"2021-01-06T22:04:37","date_gmt":"2021-01-07T04:04:37","guid":{"rendered":"http:\/\/www.zonaroja.com.mx\/?p=22110"},"modified":"2021-01-06T22:04:43","modified_gmt":"2021-01-07T04:04:43","slug":"en-oaxaca-dos-hospitales-al-100-de-pacientes-covid-y-uno-al-78","status":"publish","type":"post","link":"https:\/\/zonaroja.com.mx\/?p=22110","title":{"rendered":"En Oaxaca, dos hospitales al 100% de pacientes Covid y uno al 78%"},"content":{"rendered":"\n<p>Redacci\u00f3n\/Zona Roja.<\/p>\n\n\n\n<p>Oaxaca de Ju\u00e1rez, Oax., 6 de enero de 2021.- En las \u00faltimas 24 horas, la entidad sum\u00f3 130 casos nuevos de Covid-19, as\u00ed como 13 defunciones asociadas al virus, informaron los Servicio de Salud de Oaxaca (SSO).<\/p>\n\n\n\n<p>De acuerdo con el reporte diario del curso de la pandemia, la entidad acumul\u00f3 28 mil 860 diagn\u00f3sticos positivos desde el inici\u00f3 de la emergencia sanitaria y lamentablemente dos mil 166 fallecimientos.<\/p>\n\n\n\n<p>En un comunicado, la instituci\u00f3n detall\u00f3 que la cifra de sospechosos alcanz\u00f3 cuatro mil 242 casos y se han descartado 12 mil 893; asimismo hay 530 pacientes con la enfermedad en etapa activa y 26 mil 186 recuperados.<\/p>\n\n\n\n<p>Indic\u00f3 que este mi\u00e9rcoles, la Jurisdicci\u00f3n Sanitaria de Valles Centrales reporta 19 mil 832 casos confirmados y mil 128 defunciones; Istmo dos mil 496 y 332 muertes; Mixteca dos mil 149 y 195 decesos, Tuxtepec mil 988 y 284 fallecimientos; Costa mil 471 y 146 decesos, Sierra 924 y 81 defunciones.<\/p>\n\n\n\n<p>Los 130 casos nuevos se ubican en 43 municipios, dentro de los que destacan por el mayor n\u00famero: Oaxaca de Ju\u00e1rez con 48 y San Juan Bautista Tuxtepec, Santa Mar\u00eda Atzompa, as\u00ed como Santa Mar\u00eda Huatulco con seis, respectivamente, el resto cuatro, tres, dos y uno.<\/p>\n\n\n\n<figure class=\"wp-block-embed-twitter wp-block-embed is-type-rich is-provider-twitter\"><div class=\"wp-block-embed__wrapper\">\n<div class=\"twitter-tweet\"><blockquote class=\"twitter-tweet\" data-lang=\"es\"><p lang=\"es\" dir=\"ltr\"><a href=\"https:\/\/twitter.com\/hashtag\/%C3%9AltimoMinuto?src=hash&amp;ref_src=twsrc%5Etfw\">#\u00daltimoMinuto<\/a><br>En <a href=\"https:\/\/twitter.com\/hashtag\/Oaxaca?src=hash&amp;ref_src=twsrc%5Etfw\">#Oaxaca<\/a>, los Servicios de Salud reportaron hoy 13 fallecimientos por Covid, con lo que se acumulan dos mil 166; adem\u00e1s, 130 casos positivos, para un acumulado de 28 mil 860 confirmados.<a href=\"https:\/\/twitter.com\/hashtag\/Qu%C3%A9dateEnCasa?src=hash&amp;ref_src=twsrc%5Etfw\">#Qu\u00e9dateEnCasa<\/a> <a href=\"https:\/\/t.co\/Fhl6XArey5\">pic.twitter.com\/Fhl6XArey5<\/a><\/p>&mdash; Zona Roja Oaxaca (@MexRoja) <a href=\"https:\/\/twitter.com\/MexRoja\/status\/1347004589493678080?ref_src=twsrc%5Etfw\">7 de enero de 2021<\/a><\/blockquote><\/div>\n<\/div><\/figure>\n\n\n\n<p>Enfatiz\u00f3 que en la lista de localidades con contagios de Covid-19, por primera vez se report\u00f3 un caso en San Antonio Huitepec y uno en San Pedro Taviche.<\/p>\n\n\n\n<p>En relaci\u00f3n a los 530 casos activos notificados en el \u00faltimo corte, la Jurisdicci\u00f3n Sanitaria de Valles Centrales contabiliza 395, Mixteca 41, Tuxtepec 26, Costa 24, y 22 la Sierra y el Istmo.<\/p>\n\n\n\n<p>Este d\u00eda se registra una ocupaci\u00f3n global del 53.2%, los hospitales de los SSO cuentan con el 35.1%, el Hospital Regional de Alta Especialidad 100%, el Hospital de la Ni\u00f1ez Oaxaque\u00f1a 100%, Sedena 51.8%, ISSSTE 78.3%, IMSS r\u00e9gimen ordinario 64.3%, IMSS Bienestar 30.1%, Pemex 33.3%, Semar 23.5% y hospitales privados 62.5%.<\/p>\n\n\n\n<p>Con el objetivo de bajar la curva de contagios, hizo un llamado urgente a la poblaci\u00f3n a utilizar correctamente el cubrebocas, de la nariz a la boca y de manera permanente; acompa\u00f1ado del lavado frecuente de manos con agua y jab\u00f3n, as\u00ed como cuidar a las personas de riesgo y en la medida de lo posible quedarse en casa.<\/p>\n","protected":false},"excerpt":{"rendered":"<p>Redacci\u00f3n\/Zona Roja. Oaxaca de Ju\u00e1rez, Oax., 6 de enero de 2021.- En las \u00faltimas 24&hellip;<\/p>\n","protected":false},"author":2,"featured_media":22111,"comment_status":"closed","ping_status":"open","sticky":false,"template":"","format":"standard","meta":{"_lmt_disableupdate":"","_lmt_disable":"","_jetpack_memberships_contains_paid_content":false,"footnotes":""},"categories":[109,47],"tags":[1512],"class_list":["post-22110","post","type-post","status-publish","format-standard","has-post-thumbnail","hentry","category-minuto-a-minuto","category-zona-gris","tag-coronavirus-oaxaca"],"jetpack_featured_media_url":"https:\/\/zonaroja.com.mx\/wp-content\/uploads\/2021\/01\/SSO-1-3.jpeg","jetpack_sharing_enabled":true,"_links":{"self":[{"href":"https:\/\/zonaroja.com.mx\/index.php?rest_route=\/wp\/v2\/posts\/22110","targetHints":{"allow":["GET"]}}],"collection":[{"href":"https:\/\/zonaroja.com.mx\/index.php?rest_route=\/wp\/v2\/posts"}],"about":[{"href":"https:\/\/zonaroja.com.mx\/index.php?rest_route=\/wp\/v2\/types\/post"}],"author":[{"embeddable":true,"href":"https:\/\/zonaroja.com.mx\/index.php?rest_route=\/wp\/v2\/users\/2"}],"replies":[{"embeddable":true,"href":"https:\/\/zonaroja.com.mx\/index.php?rest_route=%2Fwp%2Fv2%2Fcomments&post=22110"}],"version-history":[{"count":1,"href":"https:\/\/zonaroja.com.mx\/index.php?rest_route=\/wp\/v2\/posts\/22110\/revisions"}],"predecessor-version":[{"id":22112,"href":"https:\/\/zonaroja.com.mx\/index.php?rest_route=\/wp\/v2\/posts\/22110\/revisions\/22112"}],"wp:featuredmedia":[{"embeddable":true,"href":"https:\/\/zonaroja.com.mx\/index.php?rest_route=\/wp\/v2\/media\/22111"}],"wp:attachment":[{"href":"https:\/\/zonaroja.com.mx\/index.php?rest_route=%2Fwp%2Fv2%2Fmedia&parent=22110"}],"wp:term":[{"taxonomy":"category","embeddable":true,"href":"https:\/\/zonaroja.com.mx\/index.php?rest_route=%2Fwp%2Fv2%2Fcategories&post=22110"},{"taxonomy":"post_tag","embeddable":true,"href":"https:\/\/zonaroja.com.mx\/index.php?rest_route=%2Fwp%2Fv2%2Ftags&post=22110"}],"curies":[{"name":"wp","href":"https:\/\/api.w.org\/{rel}","templated":true}]}}