{"id":22118,"date":"2021-01-07T08:07:48","date_gmt":"2021-01-07T14:07:48","guid":{"rendered":"http:\/\/www.zonaroja.com.mx\/?p=22118"},"modified":"2021-01-07T08:07:53","modified_gmt":"2021-01-07T14:07:53","slug":"tras-4-muertos-violencia-y-presiones-de-trump-senado-reconoce-triunfo-de-biden","status":"publish","type":"post","link":"https:\/\/zonaroja.com.mx\/?p=22118","title":{"rendered":"Tras 4 muertos, violencia y presiones de Trump, Senado reconoce triunfo de Biden"},"content":{"rendered":"\n<p>Redacci\u00f3n\/Zona Roja Cdmx.<\/p>\n\n\n\n<p>Ciudad de M\u00e9xico, 7 de enero de 2021.- Tras una jornada intensa de violencia, que incluy\u00f3 cuatro personas asesinadas y la toma del Capitolio en la ciudad de Washington, la madrugada de este jueves, el Congreso de los Estados Unidos de Norteam\u00e9rica oficializ\u00f3 el triunfo de Joe Biden.<\/p>\n\n\n\n<p>Desde la tarde de ayer, enfurecidos simpatizantes del presidente Donald Trump irrumpieron en el Capitolio, cuando se llevaba a cabo la sesi\u00f3n para certificar el triunfo electoral de Joe Biden.<\/p>\n\n\n\n<p>Este hecho dej\u00f3 cuatro civiles muertos, y adem\u00e1s se encontraron explosivos en el inmueble, ocupado por la turba por m\u00e1s de cuatro horas.<\/p>\n\n\n\n<p>Una mujer falleci\u00f3 en la sede tras ser herida de bala despu\u00e9s de que un agente de la polic\u00eda le disparara mientras participaba en el asalto al Capitolio, realizado por seguidores de extrema derecha que gritaban: \u201cTrump gan\u00f3 la elecci\u00f3n\u201d. Los otros tres perdieron la vida en hospitales.<\/p>\n\n\n\n<p>Manifestaciones similares frente a las sedes estatales se realizaron en Atlanta, Denver, Phoenix y Salt Lake City, informaron medios de noticias locales.<\/p>\n\n\n\n<p>La turba de extremistas ten\u00eda como objetivo frustrar la transici\u00f3n del poder, lo que provoc\u00f3 que los legisladores fueran desalojados del recinto y se interrumpi\u00f3 el proceso para confirmar la victoria del dem\u00f3crata Joe Biden. La polic\u00eda del Capitolio respondi\u00f3 desenfundando sus armas y lanzando gases lacrim\u00f3genos. Horas despu\u00e9s la Guardia Nacional recuper\u00f3 el inmueble.<\/p>\n\n\n\n<p>Algunos vestidos con la indumentaria de los h\u00e9roes de la independencia y otros con la bandera de Estados Unidos en las manos, entraron al recinto del Senado; uno de ellos ocup\u00f3 el sill\u00f3n del mismo presidente de la C\u00e1mara alta, para tomarse selfies.<\/p>\n\n\n\n<p>Los polic\u00edas interpusieron un sill\u00f3n en la entrada de la C\u00e1mara de Representantes para impedir el ingreso de los extremistas y desenfundaron sus armas. Sin embargo entraron a la oficina de la l\u00edder de la c\u00e1mara, la dem\u00f3crata Nacy Pelosi. El intruso le dej\u00f3 una nota en su escritorio que dec\u00eda: \u201cNosotros no cederemos\u201d.<\/p>\n\n\n\n<p>Tras el asalto al Congreso, Biden afirm\u00f3 que \u201cEstados Unidos est\u00e1 bajo un ataque sin precedentes que roza la sedici\u00f3n. Esto no es disidencia, es insurrecci\u00f3n\u201d, se\u00f1al\u00f3.<\/p>\n\n\n\n<p>En una breve declaraci\u00f3n desde Wilmington (Delawere), exigi\u00f3 \u201cal presidente Trump salir en televisi\u00f3n para cumplir su juramento y defender la Constituci\u00f3n exigiendo el fin de este asedio\u201d.<\/p>\n\n\n\n<p>En tanto, Joe Biden fue reconocido formalmente por el Congreso como el pr\u00f3ximo presidente de Estados Unidos este jueves, poniendo fin a dos meses de desaf\u00edos fallidos de su predecesor, Donald Trump, que estallaron en violencia en el Capitolio cuando los legisladores se reunieron para ratificar el resultado de las elecciones.<\/p>\n\n\n\n<p>La victoria del mandatario electo dem\u00f3crata se sell\u00f3 despu\u00e9s de que los miembros de la C\u00e1mara y el Senado rechazaran una ronda final de objeciones al resultado de las elecciones del 3 de noviembre planteadas por un pu\u00f1ado de republicanos en nombre de Trump.<\/p>\n\n\n\n<p>A su vez, la autoridad de la ciudad de Washington determin\u00f2 extender el toque de queda hasta el 21 de enero pr\u00f3ximo.<\/p>\n\n\n\n<p>(Informaci\u00f3n de \u201cEl Financiero\u201d y agencias internacionales)<\/p>\n","protected":false},"excerpt":{"rendered":"<p>Redacci\u00f3n\/Zona Roja Cdmx. Ciudad de M\u00e9xico, 7 de enero de 2021.- Tras una jornada intensa&hellip;<\/p>\n","protected":false},"author":2,"featured_media":22119,"comment_status":"closed","ping_status":"open","sticky":false,"template":"","format":"standard","meta":{"_lmt_disableupdate":"","_lmt_disable":"","_jetpack_memberships_contains_paid_content":false,"footnotes":""},"categories":[109,47],"tags":[2170,2347],"class_list":["post-22118","post","type-post","status-publish","format-standard","has-post-thumbnail","hentry","category-minuto-a-minuto","category-zona-gris","tag-elecciones-estados-unidos-de-norteamerica","tag-joe-biden"],"jetpack_featured_media_url":"https:\/\/zonaroja.com.mx\/wp-content\/uploads\/2021\/01\/Violencia-Capitolio.jpg","jetpack_sharing_enabled":true,"_links":{"self":[{"href":"https:\/\/zonaroja.com.mx\/index.php?rest_route=\/wp\/v2\/posts\/22118","targetHints":{"allow":["GET"]}}],"collection":[{"href":"https:\/\/zonaroja.com.mx\/index.php?rest_route=\/wp\/v2\/posts"}],"about":[{"href":"https:\/\/zonaroja.com.mx\/index.php?rest_route=\/wp\/v2\/types\/post"}],"author":[{"embeddable":true,"href":"https:\/\/zonaroja.com.mx\/index.php?rest_route=\/wp\/v2\/users\/2"}],"replies":[{"embeddable":true,"href":"https:\/\/zonaroja.com.mx\/index.php?rest_route=%2Fwp%2Fv2%2Fcomments&post=22118"}],"version-history":[{"count":1,"href":"https:\/\/zonaroja.com.mx\/index.php?rest_route=\/wp\/v2\/posts\/22118\/revisions"}],"predecessor-version":[{"id":22120,"href":"https:\/\/zonaroja.com.mx\/index.php?rest_route=\/wp\/v2\/posts\/22118\/revisions\/22120"}],"wp:featuredmedia":[{"embeddable":true,"href":"https:\/\/zonaroja.com.mx\/index.php?rest_route=\/wp\/v2\/media\/22119"}],"wp:attachment":[{"href":"https:\/\/zonaroja.com.mx\/index.php?rest_route=%2Fwp%2Fv2%2Fmedia&parent=22118"}],"wp:term":[{"taxonomy":"category","embeddable":true,"href":"https:\/\/zonaroja.com.mx\/index.php?rest_route=%2Fwp%2Fv2%2Fcategories&post=22118"},{"taxonomy":"post_tag","embeddable":true,"href":"https:\/\/zonaroja.com.mx\/index.php?rest_route=%2Fwp%2Fv2%2Ftags&post=22118"}],"curies":[{"name":"wp","href":"https:\/\/api.w.org\/{rel}","templated":true}]}}