{"id":22121,"date":"2021-01-07T08:28:44","date_gmt":"2021-01-07T14:28:44","guid":{"rendered":"http:\/\/www.zonaroja.com.mx\/?p=22121"},"modified":"2021-01-07T08:28:49","modified_gmt":"2021-01-07T14:28:49","slug":"doblega-murat-al-prd-firma-alianza-con-el-pan-y-el-pri","status":"publish","type":"post","link":"https:\/\/zonaroja.com.mx\/?p=22121","title":{"rendered":"Doblega Murat al PRD; firma alianza con el PAN y el PRI"},"content":{"rendered":"\n<p>Redacci\u00f3n\/Zona Roja.<\/p>\n\n\n\n<p>Oaxaca de Ju\u00e1rez, Oax., 7 de enero de 2021.- Seis minutos antes de vencer el plazo, el PRD acept\u00f3 ir en coalici\u00f3n con los partidos Acci\u00f3n Nacional y Revolucionario Institucional en el proceso electoral local 2021.<\/p>\n\n\n\n<p>Para ello, acordaron distribuir siete distritos electorales locales para el PAN, siete para el de la Revoluci\u00f3n Democr\u00e1tica y 11 para el PRI.<\/p>\n\n\n\n<p>La ma\u00f1ana de ayer, la mayor\u00eda de consejeros del Sol Azteca, encabezados por el presidente de la Mesa Directiva del Consejo, Palem\u00f3n Gregorio Bautista, y el edil de Xoxocotl\u00e1n, Alejandro L\u00f3pez Jarqu\u00edn, informaron en conferencia de prensa el rechazo del \u00f3rgano para aliarse con el PRI.<\/p>\n\n\n\n<p>Sin embargo, en el transcurso del d\u00eda &#8211;seg\u00fan confirmaron los propios perredistas inconformes&#8211;, intervino el ex gobernador de Oaxaca, Jos\u00e9 Murat, y pact\u00f3 con la dirigencia nacional del PRD, que a su vez oblig\u00f3 a los opositores, para conformar la alianza.<\/p>\n\n\n\n<p>Anoche, a las 23:54 horas, acudieron los dirigentes de los partidos a registrar ante el IEEPCO la alianza; por el Sol Azteca s\u00f3lo acudieron Jos\u00e9 Julio Antonio Aquino y Raymundo Carmona Laredo, mientras la divisi\u00f3n se acrecienta en ese partido.<\/p>\n\n\n\n<p>AVALA EL PAN<\/p>\n\n\n\n<p>En un comunicado, el Partido Acci\u00f3n Nacional afirm\u00f3 que s\u00f3lo con la participaci\u00f3n de la ciudadan\u00eda se evitar\u00e1 \u201cque se consolide un r\u00e9gimen autoritario, donde lo \u00fanico que cuenta es la palabra de un solo hombre.<\/p>\n\n\n\n<p>\u201cDonde la incompetencia e irresponsabilidad llev\u00f3 a M\u00e9xico a 4 crisis, la de salud y educaci\u00f3n, la crisis econ\u00f3mica, la crisis de seguridad y la violencia y por \u00faltimo la crisis institucional por la falta de gobernanza\u201d.<\/p>\n\n\n\n<p>Sostuvo que por ello, el PAN, el PRI y el PRD, de la mano de la sociedad civil, construir\u00e1n un proyecto que est\u00e1 por encima de colores partidistas. \u201cEsta coalici\u00f3n va de la mano de las causas de la sociedad civil con una agenda que sea el ant\u00eddoto para el centralismo autoritario\u201d, remarc\u00f3.<\/p>\n\n\n\n<p>MORENA VA SOLO<\/p>\n\n\n\n<p>Por otra parte, el Partido Morena en Oaxaca determin\u00f3 ir solo en el actual proceso electoral, y desech\u00f3 ir en coalici\u00f3n con el Verde Ecologista de M\u00e9xico y el Partido de Trabajo.<\/p>\n\n\n\n<p>Ello a pesar de que a nivel nacional dicha asociaci\u00f3n fue acordada por los tres partidos pol\u00edticos.<\/p>\n","protected":false},"excerpt":{"rendered":"<p>Redacci\u00f3n\/Zona Roja. Oaxaca de Ju\u00e1rez, Oax., 7 de enero de 2021.- Seis minutos antes de&hellip;<\/p>\n","protected":false},"author":2,"featured_media":22122,"comment_status":"closed","ping_status":"open","sticky":false,"template":"","format":"standard","meta":{"_lmt_disableupdate":"","_lmt_disable":"","_jetpack_memberships_contains_paid_content":false,"footnotes":""},"categories":[109,47],"tags":[2348],"class_list":["post-22121","post","type-post","status-publish","format-standard","has-post-thumbnail","hentry","category-minuto-a-minuto","category-zona-gris","tag-elecciones-oaxaca-2021"],"jetpack_featured_media_url":"https:\/\/zonaroja.com.mx\/wp-content\/uploads\/2021\/01\/Coalicion-PAN-PRI-PRD.jpg","jetpack_sharing_enabled":true,"_links":{"self":[{"href":"https:\/\/zonaroja.com.mx\/index.php?rest_route=\/wp\/v2\/posts\/22121","targetHints":{"allow":["GET"]}}],"collection":[{"href":"https:\/\/zonaroja.com.mx\/index.php?rest_route=\/wp\/v2\/posts"}],"about":[{"href":"https:\/\/zonaroja.com.mx\/index.php?rest_route=\/wp\/v2\/types\/post"}],"author":[{"embeddable":true,"href":"https:\/\/zonaroja.com.mx\/index.php?rest_route=\/wp\/v2\/users\/2"}],"replies":[{"embeddable":true,"href":"https:\/\/zonaroja.com.mx\/index.php?rest_route=%2Fwp%2Fv2%2Fcomments&post=22121"}],"version-history":[{"count":1,"href":"https:\/\/zonaroja.com.mx\/index.php?rest_route=\/wp\/v2\/posts\/22121\/revisions"}],"predecessor-version":[{"id":22123,"href":"https:\/\/zonaroja.com.mx\/index.php?rest_route=\/wp\/v2\/posts\/22121\/revisions\/22123"}],"wp:featuredmedia":[{"embeddable":true,"href":"https:\/\/zonaroja.com.mx\/index.php?rest_route=\/wp\/v2\/media\/22122"}],"wp:attachment":[{"href":"https:\/\/zonaroja.com.mx\/index.php?rest_route=%2Fwp%2Fv2%2Fmedia&parent=22121"}],"wp:term":[{"taxonomy":"category","embeddable":true,"href":"https:\/\/zonaroja.com.mx\/index.php?rest_route=%2Fwp%2Fv2%2Fcategories&post=22121"},{"taxonomy":"post_tag","embeddable":true,"href":"https:\/\/zonaroja.com.mx\/index.php?rest_route=%2Fwp%2Fv2%2Ftags&post=22121"}],"curies":[{"name":"wp","href":"https:\/\/api.w.org\/{rel}","templated":true}]}}