{"id":22124,"date":"2021-01-07T10:14:14","date_gmt":"2021-01-07T16:14:14","guid":{"rendered":"http:\/\/www.zonaroja.com.mx\/?p=22124"},"modified":"2021-01-07T10:14:20","modified_gmt":"2021-01-07T16:14:20","slug":"ejecutan-a-tres-musicos-en-jurisdiccion-de-ejutla-de-crespo-oaxaca","status":"publish","type":"post","link":"https:\/\/zonaroja.com.mx\/?p=22124","title":{"rendered":"Ejecutan a tres m\u00fasicos en jurisdicci\u00f3n de Ejutla de Crespo, Oaxaca"},"content":{"rendered":"\n<p>Redacci\u00f3n\/Zona Roja.<\/p>\n\n\n\n<p>Oaxaca de Ju\u00e1rez, Oax., 7 de enero de 2021.- Luego de cumplir con un compromiso musical, tres j\u00f2venes integrantes de la banda \u201cReyna Zapoteca\u201d fueron ejecutados a balazos en la supercarretera Oaxaca-Costa, en jurisdicci\u00f3n de la comunidad de Barranca Larga, Ejutla de Crespo.<\/p>\n\n\n\n<p>Las v\u00edctimas fueron identificadas como Joaqu\u00edn Antonio, de 19 a\u00f1os de edad; Miguel Ch\u00e1vez, de 18 a\u00f1os, y Basilio Antonio Cruz, de 19 a\u00f1os de edad.<\/p>\n\n\n\n<p>La noche del martes amenizaron un baile en la comunidad de San Pedro Coatl\u00e1n; la madrugada del mi\u00e8rcoles regresaban a San Vicente Coatl\u00e1n, cuando fueron atacados por un grupo armado sobre la supercarretera.<\/p>\n\n\n\n<p>El veh\u00edculo marca Nissan tipo Sentra de color gris, fue acribillada a balazos tras lo cual los presuntos delincuentes huyeron; en el sitio personal de la Fiscal\u00eda General del Estado hall\u00f3 m\u00faltiples impactos de arma de fuego y hab\u00eda casquillos percutidos al parecer calibre 9 mil\u00edmetros.<\/p>\n\n\n\n<p>Luego de las diligencias, los restos fueron trasladados al pante\u00f3n municipal para la pr\u00e1ctica de la necropsia de ley y la polic\u00eda inici\u00f3 el acta penal por el delito de homicidio.<\/p>\n","protected":false},"excerpt":{"rendered":"<p>Redacci\u00f3n\/Zona Roja. Oaxaca de Ju\u00e1rez, Oax., 7 de enero de 2021.- Luego de cumplir con&hellip;<\/p>\n","protected":false},"author":2,"featured_media":22125,"comment_status":"closed","ping_status":"open","sticky":false,"template":"","format":"standard","meta":{"_lmt_disableupdate":"","_lmt_disable":"","_jetpack_memberships_contains_paid_content":false,"footnotes":""},"categories":[109,51],"tags":[979],"class_list":["post-22124","post","type-post","status-publish","format-standard","has-post-thumbnail","hentry","category-minuto-a-minuto","category-zona-roja","tag-san-vicente-coatlan"],"jetpack_featured_media_url":"https:\/\/zonaroja.com.mx\/wp-content\/uploads\/2021\/01\/Barranca-Larga.jpg","jetpack_sharing_enabled":true,"_links":{"self":[{"href":"https:\/\/zonaroja.com.mx\/index.php?rest_route=\/wp\/v2\/posts\/22124","targetHints":{"allow":["GET"]}}],"collection":[{"href":"https:\/\/zonaroja.com.mx\/index.php?rest_route=\/wp\/v2\/posts"}],"about":[{"href":"https:\/\/zonaroja.com.mx\/index.php?rest_route=\/wp\/v2\/types\/post"}],"author":[{"embeddable":true,"href":"https:\/\/zonaroja.com.mx\/index.php?rest_route=\/wp\/v2\/users\/2"}],"replies":[{"embeddable":true,"href":"https:\/\/zonaroja.com.mx\/index.php?rest_route=%2Fwp%2Fv2%2Fcomments&post=22124"}],"version-history":[{"count":1,"href":"https:\/\/zonaroja.com.mx\/index.php?rest_route=\/wp\/v2\/posts\/22124\/revisions"}],"predecessor-version":[{"id":22126,"href":"https:\/\/zonaroja.com.mx\/index.php?rest_route=\/wp\/v2\/posts\/22124\/revisions\/22126"}],"wp:featuredmedia":[{"embeddable":true,"href":"https:\/\/zonaroja.com.mx\/index.php?rest_route=\/wp\/v2\/media\/22125"}],"wp:attachment":[{"href":"https:\/\/zonaroja.com.mx\/index.php?rest_route=%2Fwp%2Fv2%2Fmedia&parent=22124"}],"wp:term":[{"taxonomy":"category","embeddable":true,"href":"https:\/\/zonaroja.com.mx\/index.php?rest_route=%2Fwp%2Fv2%2Fcategories&post=22124"},{"taxonomy":"post_tag","embeddable":true,"href":"https:\/\/zonaroja.com.mx\/index.php?rest_route=%2Fwp%2Fv2%2Ftags&post=22124"}],"curies":[{"name":"wp","href":"https:\/\/api.w.org\/{rel}","templated":true}]}}