{"id":22127,"date":"2021-01-07T10:30:17","date_gmt":"2021-01-07T16:30:17","guid":{"rendered":"http:\/\/www.zonaroja.com.mx\/?p=22127"},"modified":"2021-01-07T10:30:21","modified_gmt":"2021-01-07T16:30:21","slug":"la-4t-en-oaxaca-no-rinde-cuentas-de-ingresos-y-comerciantes-cierran-estacionamiento","status":"publish","type":"post","link":"https:\/\/zonaroja.com.mx\/?p=22127","title":{"rendered":"La 4T en Oaxaca no rinde cuentas de ingresos y comerciantes cierran estacionamiento"},"content":{"rendered":"\n<p>Evlin Arag\u00f3n\/Zona Roja.<\/p>\n\n\n\n<p>Oaxaca de Ju\u00e1rez, Oax., 7 de enero de 2021.- Esta ma\u00f1ana, dirigentes de al menos 10 organizaciones de comerciante de la Central de Abasto de la capital se apoderaron del estacionamiento ubicado en la zona, para exigir al edil de Oaxaca de Ju\u00e1rez, Oswaldo Garc\u00eda Jarqu\u00edn, transparente los recursos que ingresan en dicho espacio.&nbsp;<\/p>\n\n\n\n<p>De acuerdo con los manifestantes, que realizaron una clausura simb\u00f3lica del lugar, desde hace dos meses hicieron llegar un oficio a la autoridad municipal para solicitar cuentas claras en torno al dinero que reciben por el uso del estacionamiento que la mayor parte del d\u00eda se encuentra lleno de veh\u00edculos y pagan su estancia.&nbsp;<\/p>\n\n\n\n<p>\u201cLo \u00fanico que se le est\u00e1 pidiendo es algo justo, que rinda cuentas del recurso que ingresa del estacionamiento, que adem\u00e1s tendr\u00eda que ser destinado para las necesidades del propio mercado\u201d.<\/p>\n\n\n\n<figure class=\"wp-block-embed-twitter wp-block-embed is-type-rich is-provider-twitter\"><div class=\"wp-block-embed__wrapper\">\n<div class=\"twitter-tweet\"><blockquote class=\"twitter-tweet\" data-lang=\"es\"><p lang=\"es\" dir=\"ltr\"><a href=\"https:\/\/twitter.com\/hashtag\/%C3%9AltimoMinuto?src=hash&amp;ref_src=twsrc%5Etfw\">#\u00daltimoMinuto<\/a> <br>Comerciantes de la Central de Abasto de la ciudad de Oaxaca bloquearon por unos minutos la avenida Central; el edil <a href=\"https:\/\/twitter.com\/oswaldogarciaj?ref_src=twsrc%5Etfw\">@oswaldogarciaj<\/a> envi\u00f3 la fuerza p\u00fablica, incluyendo antimotines, tras lo cual los manifestantes se replegaron. <a href=\"https:\/\/t.co\/MEi9i14ap4\">pic.twitter.com\/MEi9i14ap4<\/a><\/p>&mdash; Zona Roja Oaxaca (@MexRoja) <a href=\"https:\/\/twitter.com\/MexRoja\/status\/1347194119341436928?ref_src=twsrc%5Etfw\">7 de enero de 2021<\/a><\/blockquote><\/div>\n<\/div><\/figure>\n\n\n\n<p>As\u00ed lo indic\u00f3 Israel Ram\u00edrez Bracamontes, uno de los dirigentes de comerciantes, quien detall\u00f3 que, de no ser atendidos por el edil, ofrecer\u00e1n de manera gratuita el servicio toda vez que el recurso no llega al mercado que cuenta con un sinf\u00edn de necesidades que justamente no son atendidas con el pretexto de falta de presupuesto.<\/p>\n\n\n\n<p>Recrimin\u00f3 que sea un gobierno de la 4T, con principios enfocados a no mentir, no robar y no enga\u00f1ar al pueblo, el que evada la transparencia en el manejo del recurso, situaci\u00f3n que no es nueva sino desde su llegada al poder, al menos en la capital de Oaxaca.&nbsp;&nbsp;<\/p>\n\n\n\n<p>\u201cDesde que lleg\u00f3 el gobierno de la 4T no ha rendido cuentas. Hace dos a\u00f1os que estamos esperando se nos diga cuanto ingresa al estacionamiento y que se hace con ese recurso\u201d, dijo.&nbsp;<\/p>\n\n\n\n<p>Como ha sido costumbre, el edil de Oaxaca de Ju\u00e1rez, respondi\u00f3 de primera cuenta con una amplia presencia de la fuerza p\u00fablica, situaci\u00f3n que provoc\u00f3 que el grupo de manifestantes se replegara.&nbsp;<\/p>\n\n\n\n<p>Posteriormente, se anunci\u00f3 una reuni\u00f3n entre l\u00edderes del mercado y la autoridad municipal al interior del ayuntamiento, sin dar m\u00e1s destalles al respecto.\u00a0<\/p>\n\n\n\n<figure class=\"wp-block-embed-twitter wp-block-embed is-type-rich is-provider-twitter\"><div class=\"wp-block-embed__wrapper\">\n<div class=\"twitter-tweet\"><blockquote class=\"twitter-tweet\" data-lang=\"es\"><p lang=\"es\" dir=\"ltr\"><a href=\"https:\/\/twitter.com\/hashtag\/%C3%9AltimoMinuto?src=hash&amp;ref_src=twsrc%5Etfw\">#\u00daltimoMinuto<\/a> <br>(2) Est\u00e1 ma\u00f1ana, dirigentes de al menos 10 organizaciones de comerciantes de la Central de Abasto de la ciudad de Oaxaca se apoderaron del estacionamiento, para exigir al edil del <a href=\"https:\/\/twitter.com\/MunicipioOaxaca?ref_src=twsrc%5Etfw\">@MunicipioOaxaca<\/a>, <a href=\"https:\/\/twitter.com\/oswaldogarciaj?ref_src=twsrc%5Etfw\">@oswaldogarciaj<\/a>, cuentas acerca de los ingresos en ese sitio. <a href=\"https:\/\/t.co\/oCGkL0dvbX\">pic.twitter.com\/oCGkL0dvbX<\/a><\/p>&mdash; Zona Roja Oaxaca (@MexRoja) <a href=\"https:\/\/twitter.com\/MexRoja\/status\/1347175155987079169?ref_src=twsrc%5Etfw\">7 de enero de 2021<\/a><\/blockquote><\/div>\n<\/div><\/figure>\n\n\n\n<p>A trav\u00e9s de las redes sociales se dio a conocer un escrito que refiere que la rendici\u00f3n de cuentas fue solicitada mediante oficio al edil desde el 23 de noviembre pasado, al cual no hubo respuesta.&nbsp;<\/p>\n\n\n\n<p>As\u00ed mismo ponen de manifiesto que el estacionamiento recaud\u00f3 16 millones de pesos cuyo paradero se desconoce, al igual que del recurso recaudado a trav\u00e9s de los impuestos municipales que se cobran a comerciantes del mercado de Abasto.<\/p>\n\n\n\n<p>\u201cNo hay atenci\u00f3n adecuada del presidente municipal hoy por eso mismo la alianza de organizaciones del estado de Oaxaca y el consejo de dirigentes del mercado de abastos hemos decidido tomar ese estacionamiento ya que no se nos ha rendido un informe de todo lo que entra\u201d, refiere el escrito.<\/p>\n","protected":false},"excerpt":{"rendered":"<p>Evlin Arag\u00f3n\/Zona Roja. Oaxaca de Ju\u00e1rez, Oax., 7 de enero de 2021.- Esta ma\u00f1ana, dirigentes&hellip;<\/p>\n","protected":false},"author":2,"featured_media":22128,"comment_status":"closed","ping_status":"open","sticky":false,"template":"","format":"standard","meta":{"_lmt_disableupdate":"","_lmt_disable":"","_jetpack_memberships_contains_paid_content":false,"footnotes":""},"categories":[109,47],"tags":[115],"class_list":["post-22127","post","type-post","status-publish","format-standard","has-post-thumbnail","hentry","category-minuto-a-minuto","category-zona-gris","tag-oswaldo-garcia-jarquin"],"jetpack_featured_media_url":"https:\/\/zonaroja.com.mx\/wp-content\/uploads\/2021\/01\/Protesta-comerciantes-Mercado.jpg","jetpack_sharing_enabled":true,"_links":{"self":[{"href":"https:\/\/zonaroja.com.mx\/index.php?rest_route=\/wp\/v2\/posts\/22127","targetHints":{"allow":["GET"]}}],"collection":[{"href":"https:\/\/zonaroja.com.mx\/index.php?rest_route=\/wp\/v2\/posts"}],"about":[{"href":"https:\/\/zonaroja.com.mx\/index.php?rest_route=\/wp\/v2\/types\/post"}],"author":[{"embeddable":true,"href":"https:\/\/zonaroja.com.mx\/index.php?rest_route=\/wp\/v2\/users\/2"}],"replies":[{"embeddable":true,"href":"https:\/\/zonaroja.com.mx\/index.php?rest_route=%2Fwp%2Fv2%2Fcomments&post=22127"}],"version-history":[{"count":1,"href":"https:\/\/zonaroja.com.mx\/index.php?rest_route=\/wp\/v2\/posts\/22127\/revisions"}],"predecessor-version":[{"id":22129,"href":"https:\/\/zonaroja.com.mx\/index.php?rest_route=\/wp\/v2\/posts\/22127\/revisions\/22129"}],"wp:featuredmedia":[{"embeddable":true,"href":"https:\/\/zonaroja.com.mx\/index.php?rest_route=\/wp\/v2\/media\/22128"}],"wp:attachment":[{"href":"https:\/\/zonaroja.com.mx\/index.php?rest_route=%2Fwp%2Fv2%2Fmedia&parent=22127"}],"wp:term":[{"taxonomy":"category","embeddable":true,"href":"https:\/\/zonaroja.com.mx\/index.php?rest_route=%2Fwp%2Fv2%2Fcategories&post=22127"},{"taxonomy":"post_tag","embeddable":true,"href":"https:\/\/zonaroja.com.mx\/index.php?rest_route=%2Fwp%2Fv2%2Ftags&post=22127"}],"curies":[{"name":"wp","href":"https:\/\/api.w.org\/{rel}","templated":true}]}}