{"id":22130,"date":"2021-01-07T10:34:05","date_gmt":"2021-01-07T16:34:05","guid":{"rendered":"http:\/\/www.zonaroja.com.mx\/?p=22130"},"modified":"2021-01-07T10:34:10","modified_gmt":"2021-01-07T16:34:10","slug":"lleva-legislador-bienestar-y-desarrollo-a-comunidades-de-valles-centrales","status":"publish","type":"post","link":"https:\/\/zonaroja.com.mx\/?p=22130","title":{"rendered":"Lleva legislador bienestar y desarrollo a comunidades de Valles Centrales"},"content":{"rendered":"\n<p>Redacci\u00f3n\/Zona Roja.<\/p>\n\n\n\n<p>Oaxaca de Ju\u00e1rez, Oax., 7 de enero del 2021.- El diputado Horacio Sosa Villavicencio logr\u00f3 la pavimentaci\u00f3n de la calle Primera de Obreros, en la colonia Uni\u00f3n y Progreso de Ocotl\u00e1n de Morelos, as\u00ed como la pavimentaci\u00f3n de la avenida La Palma de San Pedro M\u00e1rtir, Oaxaca.<\/p>\n\n\n\n<p>El representante popular del distrito XVI en la C\u00e1mara de Diputados, se\u00f1al\u00f3 que las gestiones realizadas fueron en equipo con la autoridad municipal de cada una de las comunidades, a quienes reconoci\u00f3 su disposici\u00f3n por trabajar de la mano para lograr el bienestar y desarrollo de los pueblos.<\/p>\n\n\n\n<p>\u201cEs muy grato para m\u00ed acompa\u00f1ar a las comunidades en las gestiones, sabemos que es responsabilidad de cada representante popular permanecer cercano a los municipios que representa. Ese ha sido mi objetivo\u201d, se\u00f1al\u00f3 el diputado por el Partido Morena.<\/p>\n\n\n\n<p>Horacio Sosa Villavicencio dijo que en estos dos a\u00f1os de ser diputado local ha comprobado que las diferencias pol\u00edticas o ideol\u00f3gicas deben quedar a un lado cuando de apoyar a las familias se trata, \u201cMi responsabilidad y motor es la gente\u201d, asever\u00f3.<\/p>\n","protected":false},"excerpt":{"rendered":"<p>Redacci\u00f3n\/Zona Roja. Oaxaca de Ju\u00e1rez, Oax., 7 de enero del 2021.- El diputado Horacio Sosa&hellip;<\/p>\n","protected":false},"author":2,"featured_media":22131,"comment_status":"closed","ping_status":"open","sticky":false,"template":"","format":"standard","meta":{"_lmt_disableupdate":"","_lmt_disable":"","_jetpack_memberships_contains_paid_content":false,"footnotes":""},"categories":[109,47],"tags":[444],"class_list":["post-22130","post","type-post","status-publish","format-standard","has-post-thumbnail","hentry","category-minuto-a-minuto","category-zona-gris","tag-horacio-sosa-villavicencio"],"jetpack_featured_media_url":"https:\/\/zonaroja.com.mx\/wp-content\/uploads\/2021\/01\/BIENESTAR-Y-DESARROLLO.jpg","jetpack_sharing_enabled":true,"_links":{"self":[{"href":"https:\/\/zonaroja.com.mx\/index.php?rest_route=\/wp\/v2\/posts\/22130","targetHints":{"allow":["GET"]}}],"collection":[{"href":"https:\/\/zonaroja.com.mx\/index.php?rest_route=\/wp\/v2\/posts"}],"about":[{"href":"https:\/\/zonaroja.com.mx\/index.php?rest_route=\/wp\/v2\/types\/post"}],"author":[{"embeddable":true,"href":"https:\/\/zonaroja.com.mx\/index.php?rest_route=\/wp\/v2\/users\/2"}],"replies":[{"embeddable":true,"href":"https:\/\/zonaroja.com.mx\/index.php?rest_route=%2Fwp%2Fv2%2Fcomments&post=22130"}],"version-history":[{"count":1,"href":"https:\/\/zonaroja.com.mx\/index.php?rest_route=\/wp\/v2\/posts\/22130\/revisions"}],"predecessor-version":[{"id":22132,"href":"https:\/\/zonaroja.com.mx\/index.php?rest_route=\/wp\/v2\/posts\/22130\/revisions\/22132"}],"wp:featuredmedia":[{"embeddable":true,"href":"https:\/\/zonaroja.com.mx\/index.php?rest_route=\/wp\/v2\/media\/22131"}],"wp:attachment":[{"href":"https:\/\/zonaroja.com.mx\/index.php?rest_route=%2Fwp%2Fv2%2Fmedia&parent=22130"}],"wp:term":[{"taxonomy":"category","embeddable":true,"href":"https:\/\/zonaroja.com.mx\/index.php?rest_route=%2Fwp%2Fv2%2Fcategories&post=22130"},{"taxonomy":"post_tag","embeddable":true,"href":"https:\/\/zonaroja.com.mx\/index.php?rest_route=%2Fwp%2Fv2%2Ftags&post=22130"}],"curies":[{"name":"wp","href":"https:\/\/api.w.org\/{rel}","templated":true}]}}