{"id":22134,"date":"2021-01-07T12:21:27","date_gmt":"2021-01-07T18:21:27","guid":{"rendered":"https:\/\/www.zonaroja.com.mx\/?p=22134"},"modified":"2021-01-07T12:22:27","modified_gmt":"2021-01-07T18:22:27","slug":"sin-presidir-actos-publicos-gobernador-de-oaxaca-se-infecta-de-covid-19","status":"publish","type":"post","link":"https:\/\/zonaroja.com.mx\/?p=22134","title":{"rendered":"Sin presidir actos p\u00fablicos, gobernador de Oaxaca se infecta de Covid-19"},"content":{"rendered":"\n<p>Evlin Arag\u00f3n\/Zona Roja. <\/p>\n\n\n\n<p>Oaxaca de Ju\u00e1rez, Oax, 7 de enero de 2020.- Sin actos p\u00fablicos realizados en las \u00faltimas semanas, el gobernador de Oaxaca, Alejandro Murat Hinojosa, dio positivo a Covid-19, seg\u00fan anunci\u00f3 en redes sociales, por lo que iniciar\u00e1 su aislamiento y seguir\u00e1 las recomendaciones en materia de salud.  <\/p>\n\n\n\n<p>\u201cComo parte de las acciones de prevenci\u00f3n, me realic\u00e9 la prueba Covid-19; he dado positivo. Estar\u00e9 aislado y seguir\u00e9 las recomendaciones de salud. Me encuentro bien, estar\u00e9 atento y dando seguimiento desde Oaxaca a las funciones que como gobernador me corresponden\u201d, public\u00f3 la ma\u00f1ana de este jueves.<\/p>\n\n\n\n<p>El mandatario no se hab\u00eda visto p\u00fablicamente desde el 29 de diciembre que particip\u00f3 en eventos organizados por el Sistema DIF Oaxaca, donde su esposa, Ivette Mor\u00e1n, encabez\u00f3 la entrega de herramientas y una ambulancia a las localidades de Santo Domingo del Estado y San Juan Bautista Lo de Soto, respectivamente. <\/p>\n\n\n\n<p>Ambos eventos se llevaron a cabo a puerta cerrada, al interior del Centro Cultural y de Convenciones de Oaxaca, con una reducida presencia de participantes.&nbsp;<\/p>\n\n\n\n<p>A diferencia de funcionarios, como Eufrosina Cruz Mendoza, que ha acudido a comunidades al interior de la entidad durante las recientes semanas, el mandatario ha evitado los actos masivos desde el inicio de la contingencia y ha cuidado la sana distancia en cada una de sus participaciones. <\/p>\n\n\n\n<p>Las reuniones, incluso del gabinete de seguridad, las ha encabezado en l\u00ednea como ha dado cuenta en sus redes sociales donde comparte la captura de pantalla de las y los funcionarios que participan en ella.&nbsp;&nbsp;<\/p>\n\n\n\n<p>No as\u00ed el reciente encuentro realizado con la bancada de diputados locales del PRI al cual, s\u00ed acudi\u00f3 de manera presencial, as\u00ed como a la visita del Presidente de la Rep\u00fablica, Andr\u00e9s Manuel L\u00f3pez Obrador, realizada los d\u00edas 11, 12 y 13 de diciembre en donde se puedo ver un poco m\u00e1s de asistentes.  <\/p>\n\n\n\n<p>No es la primera vez que el mandatario estatal se a\u00edsla de manera voluntaria. Fue en mayo pasado lo hizo de manera preventiva por primera vez tras ser un caso sospechoso para esta enfermedad.&nbsp;<\/p>\n\n\n\n<p>A trav\u00e9s de su cuenta de Twitter, el mandatario estatal difundi\u00f3 esta noticia luego de que su secretario privado, Alejandro Nassar, contrajera el virus tras una visita a la Ciudad de M\u00e9xico.&nbsp;&nbsp;<\/p>\n\n\n\n<p>\u201cHace unos momentos mi secretario privado dio positivo a la prueba Covid-19. Por protocolo, me he realizado la prueba y en cuanto reciba el resultado lo dar\u00e9 a conocer\u201d, dijo.  <\/p>\n\n\n\n<p>De acuerdo con personas allegadas al mandatario, Alejandro Murat regres\u00f3 a Oaxaca el pasado s\u00e1bado, tras varios d\u00edas de vacaciones en el extranjero. <\/p>\n\n\n\n<p>Debido a la pandemia, Oaxaca se encuentra en color naranja del sem\u00e1foro epidemiol\u00f3gico y lleva un acumulado de 28 mil 860 casos confirmados y dos mil 166 defunciones.  <\/p>\n\n\n\n<p>TAMBI\u00c9N EN FISCAL\u00cdA <\/p>\n\n\n\n<p>Por otra parte, fuentes de la Fiscal\u00eda General del Estado confirmaron varios casos de infectados por Covid y cuyos portadores se encuentran en cuarentena. <\/p>\n\n\n\n<p>Uno de ellos, el titular de la instituci\u00f3n, Rub\u00e9n Vasconcelos M\u00e9ndez, as\u00ed como colaboradores cercanos, entre ellos responsables del \u00e1rea de prensa y de la Direcci\u00f3n de Vinculaci\u00f3n. <\/p>\n","protected":false},"excerpt":{"rendered":"<p>Evlin Arag\u00f3n\/Zona Roja. Oaxaca de Ju\u00e1rez, Oax, 7 de enero de 2020.- Sin actos p\u00fablicos&hellip;<\/p>\n","protected":false},"author":2,"featured_media":22133,"comment_status":"closed","ping_status":"open","sticky":false,"template":"","format":"standard","meta":{"_lmt_disableupdate":"","_lmt_disable":"","_jetpack_memberships_contains_paid_content":false,"footnotes":""},"categories":[109,47],"tags":[],"class_list":["post-22134","post","type-post","status-publish","format-standard","has-post-thumbnail","hentry","category-minuto-a-minuto","category-zona-gris"],"jetpack_featured_media_url":"https:\/\/zonaroja.com.mx\/wp-content\/uploads\/2021\/01\/img_0717.jpg","jetpack_sharing_enabled":true,"_links":{"self":[{"href":"https:\/\/zonaroja.com.mx\/index.php?rest_route=\/wp\/v2\/posts\/22134","targetHints":{"allow":["GET"]}}],"collection":[{"href":"https:\/\/zonaroja.com.mx\/index.php?rest_route=\/wp\/v2\/posts"}],"about":[{"href":"https:\/\/zonaroja.com.mx\/index.php?rest_route=\/wp\/v2\/types\/post"}],"author":[{"embeddable":true,"href":"https:\/\/zonaroja.com.mx\/index.php?rest_route=\/wp\/v2\/users\/2"}],"replies":[{"embeddable":true,"href":"https:\/\/zonaroja.com.mx\/index.php?rest_route=%2Fwp%2Fv2%2Fcomments&post=22134"}],"version-history":[{"count":1,"href":"https:\/\/zonaroja.com.mx\/index.php?rest_route=\/wp\/v2\/posts\/22134\/revisions"}],"predecessor-version":[{"id":22135,"href":"https:\/\/zonaroja.com.mx\/index.php?rest_route=\/wp\/v2\/posts\/22134\/revisions\/22135"}],"wp:featuredmedia":[{"embeddable":true,"href":"https:\/\/zonaroja.com.mx\/index.php?rest_route=\/wp\/v2\/media\/22133"}],"wp:attachment":[{"href":"https:\/\/zonaroja.com.mx\/index.php?rest_route=%2Fwp%2Fv2%2Fmedia&parent=22134"}],"wp:term":[{"taxonomy":"category","embeddable":true,"href":"https:\/\/zonaroja.com.mx\/index.php?rest_route=%2Fwp%2Fv2%2Fcategories&post=22134"},{"taxonomy":"post_tag","embeddable":true,"href":"https:\/\/zonaroja.com.mx\/index.php?rest_route=%2Fwp%2Fv2%2Ftags&post=22134"}],"curies":[{"name":"wp","href":"https:\/\/api.w.org\/{rel}","templated":true}]}}