{"id":22136,"date":"2021-01-07T16:07:48","date_gmt":"2021-01-07T22:07:48","guid":{"rendered":"http:\/\/www.zonaroja.com.mx\/?p=22136"},"modified":"2021-01-07T16:07:52","modified_gmt":"2021-01-07T22:07:52","slug":"por-pandemia-de-covid-19-en-2020-la-ddhpo-registro-187-quejas","status":"publish","type":"post","link":"https:\/\/zonaroja.com.mx\/?p=22136","title":{"rendered":"Por pandemia de Covid-19 en 2020, la DDHPO registr\u00f3 187 quejas"},"content":{"rendered":"\n<p>Yuridiana Sosa\/Zona Roja.<\/p>\n\n\n\n<p>Oaxaca de Ju\u00e1rez, Oax., 7 de enero de 2021.-&nbsp; La aplicaci\u00f3n de medidas o la falta de est\u00e1s por parte de las autoridades en la entidad, para mitigar la propagaci\u00f3n del virus Covid-19, fueron motivo de un acumulado de 187 quejas ante la Defensor\u00eda de los Derechos Humanos del Pueblo de Oaxaca (DDHPO).<\/p>\n\n\n\n<p>En un corte previo a fin de a\u00f1o, del 28 de marzo al 22 de diciembre, el organismo tambi\u00e9n abri\u00f3 55 Cuadernos de Antecedentes por actos relacionados a la violaci\u00f3n de derechos de la ciudadan\u00eda por parte de alg\u00fan servidor p\u00fablico.<\/p>\n\n\n\n<p>La DDHPO inform\u00f3 que, del total de quejas, 31 fueron contra autoridades municipales por impedir el libre tr\u00e1nsito o realizar detenciones de personas que transitan por sus municipios.<\/p>\n\n\n\n<p>Sobre esos casos, en 13 hechos estuvieron relacionados a la acci\u00f3n de que las personas no utilizaban cubrebocas y en seis de esos casos, se registraron detenciones.<\/p>\n\n\n\n<p>En la regi\u00f3n de la Costa y Sierra Sur, dos detenciones en cada caso; uno en la Mixteca y otro m\u00e1s en Valles Centrales, detall\u00f3 el organismo que encabeza Bernardo Rodr\u00edguez Alamilla.<\/p>\n\n\n\n<p>La Defensor\u00eda de Oaxaca realiz\u00f3 un llamado a los municipios para que \u201clas acciones que implementen para contener la pandemia cuenten con sustento legal, sean objetivamente necesarias seg\u00fan evidencias cient\u00edficas, con periodos de tiempo definidos, respetuosas de la dignidad humana, revisables, proporcionales y adecuadas a los fines que se persiguen\u201d.<\/p>\n\n\n\n<p>Adem\u00e1s, exhort\u00f3 a evitar medidas o acciones espont\u00e1neas, arbitrarias y discriminatorias, pues se debe considerara que \u201clas estrategias adoptadas por las diversas autoridades en la entidad para atender la contingencia deben respetar los derechos humanos bajo los principios de no discriminaci\u00f3n, transparencia y respeto a la dignidad humana\u201d.<\/p>\n\n\n\n<p>El defensor de los derechos humanos, Rodr\u00edguez Alamilla, reiter\u00f3 que a pesar que los municipios regidos por sistemas normativos ind\u00edgenas, pueden tomar sus propias decisiones respecto a la vida interna de sus municipios, \u00e9stas deben ser tambi\u00e9n respetuosas de los derechos humanos.<\/p>\n","protected":false},"excerpt":{"rendered":"<p>Yuridiana Sosa\/Zona Roja. Oaxaca de Ju\u00e1rez, Oax., 7 de enero de 2021.-&nbsp; La aplicaci\u00f3n de&hellip;<\/p>\n","protected":false},"author":2,"featured_media":22139,"comment_status":"closed","ping_status":"open","sticky":false,"template":"","format":"standard","meta":{"_lmt_disableupdate":"","_lmt_disable":"","_jetpack_memberships_contains_paid_content":false,"footnotes":""},"categories":[109,47],"tags":[286],"class_list":["post-22136","post","type-post","status-publish","format-standard","has-post-thumbnail","hentry","category-minuto-a-minuto","category-zona-gris","tag-defensoria-de-los-derechos-humanos-del-pueblo-de-oaxaca"],"jetpack_featured_media_url":"https:\/\/zonaroja.com.mx\/wp-content\/uploads\/2021\/01\/Bernardo-Rodriguez-Alamilla-1.jpg","jetpack_sharing_enabled":true,"_links":{"self":[{"href":"https:\/\/zonaroja.com.mx\/index.php?rest_route=\/wp\/v2\/posts\/22136","targetHints":{"allow":["GET"]}}],"collection":[{"href":"https:\/\/zonaroja.com.mx\/index.php?rest_route=\/wp\/v2\/posts"}],"about":[{"href":"https:\/\/zonaroja.com.mx\/index.php?rest_route=\/wp\/v2\/types\/post"}],"author":[{"embeddable":true,"href":"https:\/\/zonaroja.com.mx\/index.php?rest_route=\/wp\/v2\/users\/2"}],"replies":[{"embeddable":true,"href":"https:\/\/zonaroja.com.mx\/index.php?rest_route=%2Fwp%2Fv2%2Fcomments&post=22136"}],"version-history":[{"count":1,"href":"https:\/\/zonaroja.com.mx\/index.php?rest_route=\/wp\/v2\/posts\/22136\/revisions"}],"predecessor-version":[{"id":22140,"href":"https:\/\/zonaroja.com.mx\/index.php?rest_route=\/wp\/v2\/posts\/22136\/revisions\/22140"}],"wp:featuredmedia":[{"embeddable":true,"href":"https:\/\/zonaroja.com.mx\/index.php?rest_route=\/wp\/v2\/media\/22139"}],"wp:attachment":[{"href":"https:\/\/zonaroja.com.mx\/index.php?rest_route=%2Fwp%2Fv2%2Fmedia&parent=22136"}],"wp:term":[{"taxonomy":"category","embeddable":true,"href":"https:\/\/zonaroja.com.mx\/index.php?rest_route=%2Fwp%2Fv2%2Fcategories&post=22136"},{"taxonomy":"post_tag","embeddable":true,"href":"https:\/\/zonaroja.com.mx\/index.php?rest_route=%2Fwp%2Fv2%2Ftags&post=22136"}],"curies":[{"name":"wp","href":"https:\/\/api.w.org\/{rel}","templated":true}]}}