{"id":22141,"date":"2021-01-07T16:24:11","date_gmt":"2021-01-07T22:24:11","guid":{"rendered":"http:\/\/www.zonaroja.com.mx\/?p=22141"},"modified":"2021-01-07T16:24:16","modified_gmt":"2021-01-07T22:24:16","slug":"hay-brote-de-covid-19-en-el-imss-en-huajuapan-exigen-renuncia-de-funcionarios","status":"publish","type":"post","link":"https:\/\/zonaroja.com.mx\/?p=22141","title":{"rendered":"Hay brote de Covid-19 en el IMSS en Huajuapan; exigen renuncia de funcionarios"},"content":{"rendered":"\n<p>Yuridiana Sosa\/Zona Roja.<\/p>\n\n\n\n<p>Oaxaca de Ju\u00e1rez, Oax., 7 de enero de 2021.- Personal del Instituto Mexicano del Seguro Social (IMSS), en Huajuapan de Le\u00f3n, report\u00f3 un brote de casos Covid-19 entre los trabajadores del nosocomio, por lo que exigen la intervenci\u00f3n de las autoridades de salud.<\/p>\n\n\n\n<p>Adem\u00e1s, ante las negligencias de los directivos y el nulo apoyo con equipo, demand\u00f3 la renuncia de Miguel \u00c1ngel L\u00f3pez Ortiz, responsable del programa IMSS Bienestar.<\/p>\n\n\n\n<p>El personal m\u00e9dico y de enfermer\u00eda inici\u00f3 este jueves un paro de labores para presionar a la instituci\u00f3n federal a atender la situaci\u00f3n antes que los contagios se extiendan en m\u00e1s elementos; hasta el momento no han reportado el n\u00famero de trabajadores afectados.<\/p>\n\n\n\n<p>Los afectados laboran en el nosocomio ubicado en la colonia Ni\u00f1os H\u00e9roes, conocido como el Seguro Nuevo, de ese municipio de la regi\u00f3n Mixteca, quienes tambi\u00e9n externaron su preocupaci\u00f3n por los derechohabientes.<\/p>\n\n\n\n<p>Este municipio de la Mixteca cuenta con mil un casos confirmados y acumulados, as\u00ed como 66 defunciones hasta este 6 de enero, de acuerdo a las cifras oficiales de la Secretar\u00eda de Salud.<\/p>\n\n\n\n<p>Mientras que la regi\u00f3n mantiene un acumulado de dos mil 149 y 195 decesos, misma que se coloca en tercer lugar con m\u00e1s contagios acumulados; cifra que se elev\u00f3 durante los \u00faltimos meses del 2020.<\/p>\n\n\n\n<p>Respecto al IMSS Bienestar, denunciaron que en los \u00faltimos d\u00edas se han agudizado la exigencia de renucia a personal de distintas &nbsp;\u00e1reas, entre ellos m\u00e9dicos, enfermeras y administrativos, por lo cual demandaron la destituci\u00f3n del funcionario.<\/p>\n","protected":false},"excerpt":{"rendered":"<p>Yuridiana Sosa\/Zona Roja. Oaxaca de Ju\u00e1rez, Oax., 7 de enero de 2021.- Personal del Instituto&hellip;<\/p>\n","protected":false},"author":2,"featured_media":22142,"comment_status":"closed","ping_status":"open","sticky":false,"template":"","format":"standard","meta":{"_lmt_disableupdate":"","_lmt_disable":"","_jetpack_memberships_contains_paid_content":false,"footnotes":""},"categories":[109,47],"tags":[2349],"class_list":["post-22141","post","type-post","status-publish","format-standard","has-post-thumbnail","hentry","category-minuto-a-minuto","category-zona-gris","tag-imss-huajuapan-de-leon"],"jetpack_featured_media_url":"https:\/\/zonaroja.com.mx\/wp-content\/uploads\/2021\/01\/H1.jpg","jetpack_sharing_enabled":true,"_links":{"self":[{"href":"https:\/\/zonaroja.com.mx\/index.php?rest_route=\/wp\/v2\/posts\/22141","targetHints":{"allow":["GET"]}}],"collection":[{"href":"https:\/\/zonaroja.com.mx\/index.php?rest_route=\/wp\/v2\/posts"}],"about":[{"href":"https:\/\/zonaroja.com.mx\/index.php?rest_route=\/wp\/v2\/types\/post"}],"author":[{"embeddable":true,"href":"https:\/\/zonaroja.com.mx\/index.php?rest_route=\/wp\/v2\/users\/2"}],"replies":[{"embeddable":true,"href":"https:\/\/zonaroja.com.mx\/index.php?rest_route=%2Fwp%2Fv2%2Fcomments&post=22141"}],"version-history":[{"count":1,"href":"https:\/\/zonaroja.com.mx\/index.php?rest_route=\/wp\/v2\/posts\/22141\/revisions"}],"predecessor-version":[{"id":22143,"href":"https:\/\/zonaroja.com.mx\/index.php?rest_route=\/wp\/v2\/posts\/22141\/revisions\/22143"}],"wp:featuredmedia":[{"embeddable":true,"href":"https:\/\/zonaroja.com.mx\/index.php?rest_route=\/wp\/v2\/media\/22142"}],"wp:attachment":[{"href":"https:\/\/zonaroja.com.mx\/index.php?rest_route=%2Fwp%2Fv2%2Fmedia&parent=22141"}],"wp:term":[{"taxonomy":"category","embeddable":true,"href":"https:\/\/zonaroja.com.mx\/index.php?rest_route=%2Fwp%2Fv2%2Fcategories&post=22141"},{"taxonomy":"post_tag","embeddable":true,"href":"https:\/\/zonaroja.com.mx\/index.php?rest_route=%2Fwp%2Fv2%2Ftags&post=22141"}],"curies":[{"name":"wp","href":"https:\/\/api.w.org\/{rel}","templated":true}]}}