{"id":2215,"date":"2019-07-12T18:39:35","date_gmt":"2019-07-12T23:39:35","guid":{"rendered":"http:\/\/www.zonaroja.com.mx\/?p=2215"},"modified":"2019-07-12T18:39:38","modified_gmt":"2019-07-12T23:39:38","slug":"desmienten-a-gobernador-no-hay-atencion-a-conflicto-san-dionisio","status":"publish","type":"post","link":"https:\/\/zonaroja.com.mx\/?p=2215","title":{"rendered":"Desmienten a gobernador; no hay atenci\u00f3n a conflicto: San Dionisio"},"content":{"rendered":"\n<p>Ismael\nGarc\u00eda M.<\/p>\n\n\n\n<p>Oaxaca de\nJu\u00e1rez, Oax., 12 de julio de 2019.- \u201cYa estamos trabajando de manera integral en\nla Secretar\u00eda General de gobierno, la Fiscal\u00eda General; ya hay un acuerdo\ninicial para poder sacar a las personas y posteriormente evaluar la situaci\u00f3n\ndesde la perspectiva judicial\u201d.<\/p>\n\n\n\n<p>As\u00ed lo\nrefiri\u00f3 el gobernador Alejandro Murat Hinojosa esta ma\u00f1ana, al cuestionarle la\nprensa acerca de la atenci\u00f3n al problema suscitado en San Dionisio Ocotepec,\nque desde hace seis d\u00edas mantiene aseguradas a 16 personas, una de ellas mujer,\npresuntos sicarios contratados por el empresario Edy Monterrosa.<\/p>\n\n\n\n<p>Sin embargo, la autoridad de San Dionisio desminti\u00f3 lo anterior a trav\u00e9s de un breve comunicado, en que asegur\u00f3 que a 10 horas del cierre a la v\u00eda federal 190, Oaxaca-Istmo, a la altura del kil\u00f3metro 61, para presionar a las autoridades estatales a atender el conflicto y llamar a cuentas al empresario mezcalero, que les invadi\u00f3 un predio.<\/p>\n\n\n\n<figure class=\"wp-block-embed-twitter wp-block-embed is-type-rich is-provider-twitter\"><div class=\"wp-block-embed__wrapper\">\n<div class=\"twitter-tweet\"><blockquote class=\"twitter-tweet\" data-lang=\"es\"><p lang=\"es\" dir=\"ltr\"><a href=\"https:\/\/twitter.com\/hashtag\/OaxacaRojo?src=hash&amp;ref_src=twsrc%5Etfw\">#OaxacaRojo<\/a><br>Pese a que el gobernador <a href=\"https:\/\/twitter.com\/alejandromurat?ref_src=twsrc%5Etfw\">@alejandromurat<\/a> y la <a href=\"https:\/\/twitter.com\/FISCALIA_GobOax?ref_src=twsrc%5Etfw\">@FISCALIA_GobOax<\/a> aseguraron que ya atienden la problem\u00e1tica de San Dionisio Ocotepec, los pobladores cumplen siete horas de bloqueo a la v\u00eda federal 190 Oaxaca-Istmo, sin que los atiendan las autoridades. <a href=\"https:\/\/t.co\/LSY8P1YXTO\">pic.twitter.com\/LSY8P1YXTO<\/a><\/p>&mdash; Zona Roja Oaxaca (@MexRoja) <a href=\"https:\/\/twitter.com\/MexRoja\/status\/1149760355071082496?ref_src=twsrc%5Etfw\">12 de julio de 2019<\/a><\/blockquote><\/div>\n<\/div><\/figure>\n\n\n\n<p>Ayer,\nmediante un comunicado, la Fiscal\u00eda General del Estado precis\u00f3 que se trata de\n16 personas, no15, entre ellas una mujer; asegur\u00f3 que ya hab\u00eda atenci\u00f3n a la\nproblem\u00e1tica.<\/p>\n\n\n\n<p>\u201cLamentamos\nque sus funcionarios no le informen al gobernador de la realidad\u201d, expusieron\nautoridades y pobladores de San Dionisio, que desde hace casi una semana exigen\nmediaci\u00f3n del Gobierno del Estado para que Edy Monterrosa firme un acuerdo de\npaz y soluci\u00f3n al problema.<\/p>\n\n\n\n<p>El pasado\ndomingo y tras acuerdo de asamblea, San Dionisio acudi\u00f3 al paraje donde se\nasienta un inmueble del empresario mezcalero originario de Santiago Matatl\u00e1n,\npara derribar una antena.<\/p>\n\n\n\n<p>Ah\u00ed hallaron\na personas con armas de grueso calibre, que trasladaron al palacio municipal y\nque exhibieron ayer en la sede del ayuntamiento.<\/p>\n","protected":false},"excerpt":{"rendered":"<p>Ismael Garc\u00eda M. Oaxaca de Ju\u00e1rez, Oax., 12 de julio de 2019.- \u201cYa estamos trabajando&hellip;<\/p>\n","protected":false},"author":2,"featured_media":2216,"comment_status":"closed","ping_status":"open","sticky":false,"template":"","format":"standard","meta":{"_lmt_disableupdate":"","_lmt_disable":"","_jetpack_memberships_contains_paid_content":false,"footnotes":""},"categories":[109,51],"tags":[173,59,322],"class_list":["post-2215","post","type-post","status-publish","format-standard","has-post-thumbnail","hentry","category-minuto-a-minuto","category-zona-roja","tag-alejandro-murat-hinojosa","tag-fiscalia-general-del-estado","tag-retenidos-san-dionisio-ocotepec"],"jetpack_featured_media_url":"https:\/\/zonaroja.com.mx\/wp-content\/uploads\/2019\/07\/23647ec9-f8d5-4255-9b2f-1ef3e7832e87.jpg","jetpack_sharing_enabled":true,"_links":{"self":[{"href":"https:\/\/zonaroja.com.mx\/index.php?rest_route=\/wp\/v2\/posts\/2215","targetHints":{"allow":["GET"]}}],"collection":[{"href":"https:\/\/zonaroja.com.mx\/index.php?rest_route=\/wp\/v2\/posts"}],"about":[{"href":"https:\/\/zonaroja.com.mx\/index.php?rest_route=\/wp\/v2\/types\/post"}],"author":[{"embeddable":true,"href":"https:\/\/zonaroja.com.mx\/index.php?rest_route=\/wp\/v2\/users\/2"}],"replies":[{"embeddable":true,"href":"https:\/\/zonaroja.com.mx\/index.php?rest_route=%2Fwp%2Fv2%2Fcomments&post=2215"}],"version-history":[{"count":1,"href":"https:\/\/zonaroja.com.mx\/index.php?rest_route=\/wp\/v2\/posts\/2215\/revisions"}],"predecessor-version":[{"id":2217,"href":"https:\/\/zonaroja.com.mx\/index.php?rest_route=\/wp\/v2\/posts\/2215\/revisions\/2217"}],"wp:featuredmedia":[{"embeddable":true,"href":"https:\/\/zonaroja.com.mx\/index.php?rest_route=\/wp\/v2\/media\/2216"}],"wp:attachment":[{"href":"https:\/\/zonaroja.com.mx\/index.php?rest_route=%2Fwp%2Fv2%2Fmedia&parent=2215"}],"wp:term":[{"taxonomy":"category","embeddable":true,"href":"https:\/\/zonaroja.com.mx\/index.php?rest_route=%2Fwp%2Fv2%2Fcategories&post=2215"},{"taxonomy":"post_tag","embeddable":true,"href":"https:\/\/zonaroja.com.mx\/index.php?rest_route=%2Fwp%2Fv2%2Ftags&post=2215"}],"curies":[{"name":"wp","href":"https:\/\/api.w.org\/{rel}","templated":true}]}}