{"id":22150,"date":"2021-01-07T21:11:34","date_gmt":"2021-01-08T03:11:34","guid":{"rendered":"http:\/\/www.zonaroja.com.mx\/?p=22150"},"modified":"2021-01-07T21:11:38","modified_gmt":"2021-01-08T03:11:38","slug":"incursion-armada-en-soyaltepec-oaxaca-deja-tres-personas-asesinadas","status":"publish","type":"post","link":"https:\/\/zonaroja.com.mx\/?p=22150","title":{"rendered":"Incursi\u00f3n armada en Soyaltepec, Oaxaca, deja tres personas asesinadas"},"content":{"rendered":"\n<p>Redacci\u00f3n\/Zona Roja<\/p>\n\n\n\n<p>Oaxaca de Ju\u00e1rez, Oax., 7 de enero de 2021.- La noche de este jueves, un grupo armando ingres\u00f3 al municipio de San Miguel Soyaltepec, en la regi\u00f3n de la Cuenca de Oaxaca, y asesin\u00f3 a tres personas, adem\u00e1s de lesionar a otra.<\/p>\n\n\n\n<p>Los hechos violentos se registraron cerca de las 19:00 horas en el Barrio Revoluci\u00f3n, del municipio conocido como Temascal, colindante con el estado de Veracruz.<\/p>\n\n\n\n<p>De acuerdo con los reportes policiales preliminares, hombres armados a bordo de dos camionetas y un veh\u00edculo compacto abrieron fuego contra las personas que se ubicaba en un domicilio de ese barrio.<\/p>\n\n\n\n<figure class=\"wp-block-embed-twitter wp-block-embed is-type-rich is-provider-twitter\"><div class=\"wp-block-embed__wrapper\">\n<div class=\"twitter-tweet\"><blockquote class=\"twitter-tweet\" data-lang=\"es\"><p lang=\"es\" dir=\"ltr\"><a href=\"https:\/\/twitter.com\/hashtag\/%C3%9AltimoMinuto?src=hash&amp;ref_src=twsrc%5Etfw\">#\u00daltimoMinuto<\/a> <br>Reportan enfrentamiento armado en San Miguel Soyaltepec, conocido tambi\u00e9n como <a href=\"https:\/\/twitter.com\/hashtag\/Temascal?src=hash&amp;ref_src=twsrc%5Etfw\">#Temascal<\/a>, en la regi\u00f3n de la Cuenca de <a href=\"https:\/\/twitter.com\/hashtag\/Oaxaca?src=hash&amp;ref_src=twsrc%5Etfw\">#Oaxaca<\/a>; saldo preliminar, al menos tres personas asesinadas. No hay confirmaci\u00f3n oficial. <a href=\"https:\/\/t.co\/v3DOAUv2kx\">pic.twitter.com\/v3DOAUv2kx<\/a><\/p>&mdash; Zona Roja Oaxaca (@MexRoja) <a href=\"https:\/\/twitter.com\/MexRoja\/status\/1347371821855879168?ref_src=twsrc%5Etfw\">8 de enero de 2021<\/a><\/blockquote><\/div>\n<\/div><\/figure>\n\n\n\n<p>Las personas ejecutadas fueron identificadas como Luis Donaldo G. V., de 25 a\u00f1os de edad, originario y vecino de San Miguel Soyaltepec y de ocupaci\u00f3n m\u00fasico; Derian Alexis G. V., de 23 a\u00f1os, tambi\u00e9n vecino de Soyaltepec, y Tiburcio P. T.,&nbsp; de aproximadamente de 30 a\u00f1os: el lesionado, Salvador G. I., de 18 a\u00f1os de edad.<\/p>\n\n\n\n<p>Sobre los hechos, tambi\u00e9n algunos vecinos difundieron en redes sociales videos en los que se escuchan las detonaciones de las armas de fuego, al parecer de grueso calibre.<\/p>\n\n\n\n<p>Al lugar arribaron elementos de seguridad para acordar el \u00e1rea y realizar las diligencias correspondientes.<\/p>\n\n\n\n<p>Hace casi un a\u00f1o, el 21 de enero de 2020, tambi\u00e9n se registr\u00f3 una incursi\u00f3n armada en este municipio con el saldo de dos personas muertas.<\/p>\n","protected":false},"excerpt":{"rendered":"<p>Redacci\u00f3n\/Zona Roja Oaxaca de Ju\u00e1rez, Oax., 7 de enero de 2021.- La noche de este&hellip;<\/p>\n","protected":false},"author":2,"featured_media":22151,"comment_status":"closed","ping_status":"open","sticky":false,"template":"","format":"standard","meta":{"_lmt_disableupdate":"","_lmt_disable":"","_jetpack_memberships_contains_paid_content":false,"footnotes":""},"categories":[109,51],"tags":[1306],"class_list":["post-22150","post","type-post","status-publish","format-standard","has-post-thumbnail","hentry","category-minuto-a-minuto","category-zona-roja","tag-temascal-san-miguel-soyaltepec"],"jetpack_featured_media_url":"https:\/\/zonaroja.com.mx\/wp-content\/uploads\/2021\/01\/Ejecutados-Soyaltepec.jpg","jetpack_sharing_enabled":true,"_links":{"self":[{"href":"https:\/\/zonaroja.com.mx\/index.php?rest_route=\/wp\/v2\/posts\/22150","targetHints":{"allow":["GET"]}}],"collection":[{"href":"https:\/\/zonaroja.com.mx\/index.php?rest_route=\/wp\/v2\/posts"}],"about":[{"href":"https:\/\/zonaroja.com.mx\/index.php?rest_route=\/wp\/v2\/types\/post"}],"author":[{"embeddable":true,"href":"https:\/\/zonaroja.com.mx\/index.php?rest_route=\/wp\/v2\/users\/2"}],"replies":[{"embeddable":true,"href":"https:\/\/zonaroja.com.mx\/index.php?rest_route=%2Fwp%2Fv2%2Fcomments&post=22150"}],"version-history":[{"count":1,"href":"https:\/\/zonaroja.com.mx\/index.php?rest_route=\/wp\/v2\/posts\/22150\/revisions"}],"predecessor-version":[{"id":22152,"href":"https:\/\/zonaroja.com.mx\/index.php?rest_route=\/wp\/v2\/posts\/22150\/revisions\/22152"}],"wp:featuredmedia":[{"embeddable":true,"href":"https:\/\/zonaroja.com.mx\/index.php?rest_route=\/wp\/v2\/media\/22151"}],"wp:attachment":[{"href":"https:\/\/zonaroja.com.mx\/index.php?rest_route=%2Fwp%2Fv2%2Fmedia&parent=22150"}],"wp:term":[{"taxonomy":"category","embeddable":true,"href":"https:\/\/zonaroja.com.mx\/index.php?rest_route=%2Fwp%2Fv2%2Fcategories&post=22150"},{"taxonomy":"post_tag","embeddable":true,"href":"https:\/\/zonaroja.com.mx\/index.php?rest_route=%2Fwp%2Fv2%2Ftags&post=22150"}],"curies":[{"name":"wp","href":"https:\/\/api.w.org\/{rel}","templated":true}]}}