{"id":22158,"date":"2021-01-08T07:49:27","date_gmt":"2021-01-08T13:49:27","guid":{"rendered":"http:\/\/www.zonaroja.com.mx\/?p=22158"},"modified":"2021-01-08T07:49:33","modified_gmt":"2021-01-08T13:49:33","slug":"pretende-amlo-desaparecer-organismos-autonomos-entre-ellos-transparencia","status":"publish","type":"post","link":"https:\/\/zonaroja.com.mx\/?p=22158","title":{"rendered":"Pretende AMLO desaparecer organismos aut\u00f3nomos, entre ellos Transparencia"},"content":{"rendered":"\n<p>Redacci\u00f3n\/Zona Roja Cdmx.<\/p>\n\n\n\n<p>Ciudad de M\u00e9xico, 8 de enero de 2021.- El presidente Andr\u00e9s Manuel L\u00f3pez Obrador propuso absorber los organismos aut\u00f3nomos, para que las secretar\u00edas Estado hagan el trabajo que, desde su punto de vista, se duplica.<\/p>\n\n\n\n<p>Incluso, las proyecciones del gobierno en este adelgazamiento de oficinas y organismos aut\u00f3nomos consideran generar ahorros al erario p\u00fablico de hasta 20 mil millones de pesos.<\/p>\n\n\n\n<p>\u201cTengo una reuni\u00f3n de gabinete el lunes porque voy a presentarles la propuesta para que cada Secretar\u00eda elabore un plan y ya que tengamos todo podamos presentar las reformas legales. Y que haya debate, como fue con los fideicomisos\u201d, dijo.<\/p>\n\n\n\n<p>En la conferencia matutina, el mandatario dio a conocer que en febrero, cuando inicie el periodo ordinario de sesiones, enviar\u00e1 al Congreso un paquete de iniciativas donde estar\u00e1 incluida esta reforma.<\/p>\n\n\n\n<p>Explic\u00f3 que en el \u201cperiodo neoliberal\u201d se crearon fideicomisos y fondos, para manejar dinero p\u00fablico de manera discrecional, sin ser fiscalizado y lo mismo pas\u00f3 con los organismos aut\u00f3nomos.<\/p>\n\n\n\n<p>En ese sentido, dijo que a mayor n\u00famero de aparatos burocr\u00e1ticos, lujos y sueldos elevados en el gobierno, menos recursos llegan a la poblaci\u00f3n a trav\u00e9s de becas, medicamentos y obras p\u00fablicas, por lo que se pretende concentrar en las propias secretar\u00edas las funciones que ejercen estos organismos, sin despedir a los trabajadores.<\/p>\n\n\n\n<p>Critic\u00f3 a organismos como el Instituto Federal de Telecomunicaciones (Ifetel), que tiene un presupuesto de mil 500 millones de pesos, \u201c\u00bfQu\u00e9?, \u00bfno puede pertenecer a la SCT?, lo hac\u00eda antes\u2026 El Ifetel, desde que se cre\u00f3 a la fecha, \u00bfha hecho una muy buena labor?, porque yo recuerdo que hablaban de que de esa manera ya no iba a haber monopolios en la comunicaci\u00f3n \u00bfy hay o no hay?\u201d.<\/p>\n\n\n\n<p>La misma cr\u00edtica hizo al Instituto Nacional de Transparencia (INAI), funci\u00f3n que podr\u00eda trasladarse a la Secretar\u00eda de la Funci\u00f3n P\u00fablica (SFP) o a la Auditor\u00eda Superior de la Federaci\u00f3n (ASF).<\/p>\n\n\n\n<p>(Informaci\u00f3n de \u00abEl Heraldo de M\u00e9xico\u00bb)<\/p>\n","protected":false},"excerpt":{"rendered":"<p>Redacci\u00f3n\/Zona Roja Cdmx. Ciudad de M\u00e9xico, 8 de enero de 2021.- El presidente Andr\u00e9s Manuel&hellip;<\/p>\n","protected":false},"author":2,"featured_media":22159,"comment_status":"closed","ping_status":"open","sticky":false,"template":"","format":"standard","meta":{"_lmt_disableupdate":"","_lmt_disable":"","_jetpack_memberships_contains_paid_content":false,"footnotes":""},"categories":[109,47],"tags":[143],"class_list":["post-22158","post","type-post","status-publish","format-standard","has-post-thumbnail","hentry","category-minuto-a-minuto","category-zona-gris","tag-andres-manuel-lopez-obrador"],"jetpack_featured_media_url":"https:\/\/zonaroja.com.mx\/wp-content\/uploads\/2021\/01\/INAI.jpg","jetpack_sharing_enabled":true,"_links":{"self":[{"href":"https:\/\/zonaroja.com.mx\/index.php?rest_route=\/wp\/v2\/posts\/22158","targetHints":{"allow":["GET"]}}],"collection":[{"href":"https:\/\/zonaroja.com.mx\/index.php?rest_route=\/wp\/v2\/posts"}],"about":[{"href":"https:\/\/zonaroja.com.mx\/index.php?rest_route=\/wp\/v2\/types\/post"}],"author":[{"embeddable":true,"href":"https:\/\/zonaroja.com.mx\/index.php?rest_route=\/wp\/v2\/users\/2"}],"replies":[{"embeddable":true,"href":"https:\/\/zonaroja.com.mx\/index.php?rest_route=%2Fwp%2Fv2%2Fcomments&post=22158"}],"version-history":[{"count":1,"href":"https:\/\/zonaroja.com.mx\/index.php?rest_route=\/wp\/v2\/posts\/22158\/revisions"}],"predecessor-version":[{"id":22160,"href":"https:\/\/zonaroja.com.mx\/index.php?rest_route=\/wp\/v2\/posts\/22158\/revisions\/22160"}],"wp:featuredmedia":[{"embeddable":true,"href":"https:\/\/zonaroja.com.mx\/index.php?rest_route=\/wp\/v2\/media\/22159"}],"wp:attachment":[{"href":"https:\/\/zonaroja.com.mx\/index.php?rest_route=%2Fwp%2Fv2%2Fmedia&parent=22158"}],"wp:term":[{"taxonomy":"category","embeddable":true,"href":"https:\/\/zonaroja.com.mx\/index.php?rest_route=%2Fwp%2Fv2%2Fcategories&post=22158"},{"taxonomy":"post_tag","embeddable":true,"href":"https:\/\/zonaroja.com.mx\/index.php?rest_route=%2Fwp%2Fv2%2Ftags&post=22158"}],"curies":[{"name":"wp","href":"https:\/\/api.w.org\/{rel}","templated":true}]}}