{"id":22161,"date":"2021-01-08T07:58:22","date_gmt":"2021-01-08T13:58:22","guid":{"rendered":"http:\/\/www.zonaroja.com.mx\/?p=22161"},"modified":"2021-01-08T07:58:27","modified_gmt":"2021-01-08T13:58:27","slug":"reconoce-trump-su-derrota-y-dice-que-ahora-quiere-reconciliacion","status":"publish","type":"post","link":"https:\/\/zonaroja.com.mx\/?p=22161","title":{"rendered":"Reconoce Trump su derrota y dice que ahora quiere reconciliaci\u00f3n"},"content":{"rendered":"\n<p>Redacci\u00f3n\/Zona Roja Cdmx.<\/p>\n\n\n\n<p>Ciudad de M\u00e9xico, 8 de enero de 2021.- El presidente saliente de Estados Unidos, Donald Trump, reconoci\u00f3 ayer su derrota ante el dem\u00f3crata Joe Biden y llam\u00f3 a la \u201creconciliaci\u00f3n\u201d tras las impresionantes escenas de violencia de sus simpatizantes en el Congreso, prometiendo una transici\u00f3n \u201ctranquila\u201d de poder.<\/p>\n\n\n\n<p>En un video en su reestablecida cuenta de Twitter, Trump se dijo tambi\u00e9n \u201cescandalizado por la violencia\u201d en la sede del Congreso estadunidense.<\/p>\n\n\n\n<p>\u201cUn nuevo gobierno ser\u00e1 inaugurado el 20 de enero. Mi foco ser\u00e1 ahora asegurar una transici\u00f3n tranquila, ordenada y sin problemas. Este momento llama a la sanaci\u00f3n y a la reconciliaci\u00f3n\u201d, dijo.<\/p>\n\n\n\n<p>Trump divulg\u00f3 el video luego de que se multiplicaran los pedidos para su destituci\u00f3n, un d\u00eda despu\u00e9s de que sus seguidores, enardecidos por el republicano, asaltaron el Capitolio y obligaron a los legisladores a suspender la sesi\u00f3n de certificaci\u00f3n de la victoria de Biden.<\/p>\n\n\n\n<p>Trump emple\u00f3 un tono m\u00e1s conciliador en el video de 160 segundos, donde describi\u00f3 los cuatro a\u00f1os de su presidencia como \u201cel honor de su vida\u201d y ofreci\u00f3 una denuncia clara a la violencia al pedir que \u201clos temperamentos se tranquilicen y se restaure la calma\u201d.<\/p>\n\n\n\n<p>\u201cAunque estoy totalmente en desacuerdo con el resultado de estas elecciones, habr\u00e1 una transici\u00f3n en orden\u201d, dijo.<\/p>\n\n\n\n<p>\u201cEsto representa el fin de uno de los mejores primeros mandatos presidenciales y es s\u00f3lo el inicio de nuestra lucha para devolver a Estados Unidos su grandeza\u201d, agreg\u00f3, dando a entender que podr\u00eda pelear por un nuevo mandato en 2024.<\/p>\n\n\n\n<p>Adem\u00e1s, el mandatario dijo que \u201clos manifestantes que se infiltraron en el Capitolio han profanado la sede de la democracia americana\u201d.<\/p>\n\n\n\n<p>A aquellos que se involucraron en actos de violencia y destrucci\u00f3n: \u201cUstedes no representan a nuestro pa\u00eds y a aquellos que violaron la ley, van a pagarlo\u201d, agreg\u00f3.<\/p>\n\n\n\n<p>M\u00e1s de seis mil elementos de la Guardia Nacional fueron desplegados en Washington DC, en medio de un estado de emergencia que regir\u00e1 dos semanas.<\/p>\n\n\n\n<p>El secretario del Ej\u00e9rcito, Ryan McCarthy, dijo ayer que adem\u00e1s del despliegue de miles de miembros de la Guardia Nacional, se comenz\u00f3 a trabajar para erigir una \u201cvalla no escalable\u201d de dos metros alrededor de los terrenos del Capitolio. Ambas medidas estar\u00e1n operativas al menos hasta febrero.<\/p>\n\n\n\n<p>Los disturbios del mi\u00e9rcoles dejaron al menos cinco fallecidos, uno de ellos dentro del propio Capitolio y otro un agente de seguridad que muri\u00f3 tras las heridas recibidas durante los incidentes, y m\u00e1s de medio centenar de detenidos.<\/p>\n\n\n\n<p>(Informaci\u00f3n de \u00abExcelsior\u00bb)<\/p>\n","protected":false},"excerpt":{"rendered":"<p>Redacci\u00f3n\/Zona Roja Cdmx. Ciudad de M\u00e9xico, 8 de enero de 2021.- El presidente saliente de&hellip;<\/p>\n","protected":false},"author":2,"featured_media":22162,"comment_status":"closed","ping_status":"open","sticky":false,"template":"","format":"standard","meta":{"_lmt_disableupdate":"","_lmt_disable":"","_jetpack_memberships_contains_paid_content":false,"footnotes":""},"categories":[109,47],"tags":[2170],"class_list":["post-22161","post","type-post","status-publish","format-standard","has-post-thumbnail","hentry","category-minuto-a-minuto","category-zona-gris","tag-elecciones-estados-unidos-de-norteamerica"],"jetpack_featured_media_url":"https:\/\/zonaroja.com.mx\/wp-content\/uploads\/2021\/01\/Trump.jpg","jetpack_sharing_enabled":true,"_links":{"self":[{"href":"https:\/\/zonaroja.com.mx\/index.php?rest_route=\/wp\/v2\/posts\/22161","targetHints":{"allow":["GET"]}}],"collection":[{"href":"https:\/\/zonaroja.com.mx\/index.php?rest_route=\/wp\/v2\/posts"}],"about":[{"href":"https:\/\/zonaroja.com.mx\/index.php?rest_route=\/wp\/v2\/types\/post"}],"author":[{"embeddable":true,"href":"https:\/\/zonaroja.com.mx\/index.php?rest_route=\/wp\/v2\/users\/2"}],"replies":[{"embeddable":true,"href":"https:\/\/zonaroja.com.mx\/index.php?rest_route=%2Fwp%2Fv2%2Fcomments&post=22161"}],"version-history":[{"count":1,"href":"https:\/\/zonaroja.com.mx\/index.php?rest_route=\/wp\/v2\/posts\/22161\/revisions"}],"predecessor-version":[{"id":22163,"href":"https:\/\/zonaroja.com.mx\/index.php?rest_route=\/wp\/v2\/posts\/22161\/revisions\/22163"}],"wp:featuredmedia":[{"embeddable":true,"href":"https:\/\/zonaroja.com.mx\/index.php?rest_route=\/wp\/v2\/media\/22162"}],"wp:attachment":[{"href":"https:\/\/zonaroja.com.mx\/index.php?rest_route=%2Fwp%2Fv2%2Fmedia&parent=22161"}],"wp:term":[{"taxonomy":"category","embeddable":true,"href":"https:\/\/zonaroja.com.mx\/index.php?rest_route=%2Fwp%2Fv2%2Fcategories&post=22161"},{"taxonomy":"post_tag","embeddable":true,"href":"https:\/\/zonaroja.com.mx\/index.php?rest_route=%2Fwp%2Fv2%2Ftags&post=22161"}],"curies":[{"name":"wp","href":"https:\/\/api.w.org\/{rel}","templated":true}]}}