{"id":22167,"date":"2021-01-08T08:21:42","date_gmt":"2021-01-08T14:21:42","guid":{"rendered":"http:\/\/www.zonaroja.com.mx\/?p=22167"},"modified":"2021-01-08T08:21:47","modified_gmt":"2021-01-08T14:21:47","slug":"prcandidato-de-morena-a-gobernador-en-guerrro-acusado-de-violacion","status":"publish","type":"post","link":"https:\/\/zonaroja.com.mx\/?p=22167","title":{"rendered":"Prcandidato de Morena a gobernador en Guerrro, acusado de violaci\u00f3n"},"content":{"rendered":"\n<p>Redacci\u00f3n\/Zona Roja Cdmx.<\/p>\n\n\n\n<p>Ciudad de M\u00e9xico, 8 de enero de 2021.- La Fiscal\u00eda General de Guerrero dio a conocer que se analiza la carpeta de investigaci\u00f3n que existe en contra del precandidato de Morena a la gubernatura de Guerrero, F\u00e9lix Salgado Macedonio, acusado de violaci\u00f3n sexual, a fin de determinar si procede o no la acci\u00f3n penal.<\/p>\n\n\n\n<p>Tambi\u00e9n revel\u00f3 que inici\u00f3 una investigaci\u00f3n en contra del exfiscal, Xavier Olea Pel\u00e1ez, ante la probable comisi\u00f3n de diversos delitos relacionados con este caso.<\/p>\n\n\n\n<p>A trav\u00e9s de un comunicado, la Fiscal\u00eda, a cargo de Jorge Zuriel de los Santos Barrilla, inform\u00f3 que la carpeta de investigaci\u00f3n 12030270100002020117, iniciada contra el senador con licencia por la presunta violaci\u00f3n sexual a una extrabajadora, ya es revisada por la Direcci\u00f3n General Jur\u00eddica Consultiva de esa instituci\u00f3n para efectos de determinar en definitiva la procedencia o no de la acci\u00f3n penal en dicha carpeta, \u00abprocedimiento que se encuentra ajustado a derecho y establecido en los ordenamientos legales\u00bb.<\/p>\n\n\n\n<p>De igual forma se pronunci\u00f3 sobre las&nbsp; declaraciones que el exfiscal, Xavier Olea, ha hecho sobre el caso, esto luego de que afirmara a medios de comunicaci\u00f3n que en 2017, cuando a\u00fan estaba en el cargo, orden\u00f3 judicializar la carpeta de investigaci\u00f3n contra el morenista, acci\u00f3n que presuntamente no se concret\u00f3&nbsp; por razones \u201cpol\u00edticas\u201d.<\/p>\n\n\n\n<p>El exfiscal tambi\u00e9n asegur\u00f3 que existen elementos suficientes para que un juez libere una orden de aprehensi\u00f3n contra el precandidato de Morena.<\/p>\n\n\n\n<p>\u00abAnte las recientes declaraciones realizadas en diversos medios de comunicaci\u00f3n sobre esta carpeta de investigaci\u00f3n, por parte del licenciado Ol\u00e9a Pel\u00e1ez, esta instituci\u00f3n no comparte sus aseveraciones hechas ahora como litigante, violentando flagrantemente los derechos de las partes y de los principios que rigen a esta instituci\u00f3n\u00bb, se lee en el comunicado.<\/p>\n\n\n\n<p>La Fiscal\u00eda record\u00f3 que Ol\u00e9a Pel\u00e1ez ocup\u00f3 la titularidad de esa instituci\u00f3n de diciembre de 2015 a abril de 2018, y durante este periodo \u00abera el \u00fanico facultado para decidir y coordinar los trabajos de investigaci\u00f3n y llevar ante las instancias judiciales correspondientes a los probables responsables, tal y como lo establece la Constituci\u00f3n del Estado\u00bb.<\/p>\n\n\n\n<p>Refiri\u00f3 que las declaraciones del exfiscal advierten la probable comisi\u00f3n de diversos delitos \u00abal reconocer la sustracci\u00f3n de documentaci\u00f3n oficial de la FGE, por la difusi\u00f3n del contenido de una carpeta de investigaci\u00f3n y la omisi\u00f3n en el cumplimiento de su responsabilidad legal\u00bb.<\/p>\n\n\n\n<p>En consecuencia, la dependencia inform\u00f3 que ha iniciado una carpeta de investigaci\u00f3n contra Xavier Olea a fin de deslindar su responsabilidad y, en su caso, aporte la informaci\u00f3n y los datos de prueba con los que dice contar.<\/p>\n\n\n\n<p>\u00abLa Fiscal\u00eda General del Estado, conforme a su autonom\u00eda, no participa, ni participar\u00e1 en politizaci\u00f3n de investigaci\u00f3n alguna. El ex- fiscal Javier Ignacio Ol\u00e9a Pel\u00e1ez, de acuerdo a su dicho, debi\u00f3 haber resuelto este lamentable asunto de acuerdo a sus atribuciones y competencias conforme a ley, privilegiando los derechos humanos de las v\u00edctimas, y que ahora con sus reiteradas declaraciones revictimiza\u00bb.<\/p>\n","protected":false},"excerpt":{"rendered":"<p>Redacci\u00f3n\/Zona Roja Cdmx. Ciudad de M\u00e9xico, 8 de enero de 2021.- La Fiscal\u00eda General de&hellip;<\/p>\n","protected":false},"author":2,"featured_media":22168,"comment_status":"closed","ping_status":"open","sticky":false,"template":"","format":"standard","meta":{"_lmt_disableupdate":"","_lmt_disable":"","_jetpack_memberships_contains_paid_content":false,"footnotes":""},"categories":[109,47],"tags":[2352],"class_list":["post-22167","post","type-post","status-publish","format-standard","has-post-thumbnail","hentry","category-minuto-a-minuto","category-zona-gris","tag-felix-salgado-macedonio"],"jetpack_featured_media_url":"https:\/\/zonaroja.com.mx\/wp-content\/uploads\/2021\/01\/Denuncia-Salgado-Macedonio.jpg","jetpack_sharing_enabled":true,"_links":{"self":[{"href":"https:\/\/zonaroja.com.mx\/index.php?rest_route=\/wp\/v2\/posts\/22167","targetHints":{"allow":["GET"]}}],"collection":[{"href":"https:\/\/zonaroja.com.mx\/index.php?rest_route=\/wp\/v2\/posts"}],"about":[{"href":"https:\/\/zonaroja.com.mx\/index.php?rest_route=\/wp\/v2\/types\/post"}],"author":[{"embeddable":true,"href":"https:\/\/zonaroja.com.mx\/index.php?rest_route=\/wp\/v2\/users\/2"}],"replies":[{"embeddable":true,"href":"https:\/\/zonaroja.com.mx\/index.php?rest_route=%2Fwp%2Fv2%2Fcomments&post=22167"}],"version-history":[{"count":1,"href":"https:\/\/zonaroja.com.mx\/index.php?rest_route=\/wp\/v2\/posts\/22167\/revisions"}],"predecessor-version":[{"id":22169,"href":"https:\/\/zonaroja.com.mx\/index.php?rest_route=\/wp\/v2\/posts\/22167\/revisions\/22169"}],"wp:featuredmedia":[{"embeddable":true,"href":"https:\/\/zonaroja.com.mx\/index.php?rest_route=\/wp\/v2\/media\/22168"}],"wp:attachment":[{"href":"https:\/\/zonaroja.com.mx\/index.php?rest_route=%2Fwp%2Fv2%2Fmedia&parent=22167"}],"wp:term":[{"taxonomy":"category","embeddable":true,"href":"https:\/\/zonaroja.com.mx\/index.php?rest_route=%2Fwp%2Fv2%2Fcategories&post=22167"},{"taxonomy":"post_tag","embeddable":true,"href":"https:\/\/zonaroja.com.mx\/index.php?rest_route=%2Fwp%2Fv2%2Ftags&post=22167"}],"curies":[{"name":"wp","href":"https:\/\/api.w.org\/{rel}","templated":true}]}}