{"id":22170,"date":"2021-01-08T08:30:36","date_gmt":"2021-01-08T14:30:36","guid":{"rendered":"http:\/\/www.zonaroja.com.mx\/?p=22170"},"modified":"2021-01-08T08:30:41","modified_gmt":"2021-01-08T14:30:41","slug":"cierran-calles-de-colonia-en-la-capital-de-oaxaca-por-indolencia-de-edil","status":"publish","type":"post","link":"https:\/\/zonaroja.com.mx\/?p=22170","title":{"rendered":"Cierran calles de colonia en la capital de Oaxaca por indolencia de edil"},"content":{"rendered":"\n<p>Redacci\u00f3n\/Zona Roja.<\/p>\n\n\n\n<p>Oaxaca de Ju\u00e1rez, Oax., 8 de enero de 2021.- Ante la indolencia de la autoridad municipal que encabeza Oswaldo Garc\u00eda Jarqu\u00edn, vecinos de la colonia Art\u00edculo 123 Poniente cerraron desde anoche calles.<\/p>\n\n\n\n<p>Lo anterior, con la finalidad de impedir el estacionamiento de camiones de carga en la zona, aleda\u00f1a a la Central de Abasto, as\u00ed como frenar la delincuencia, el creciente ambulantaje y el desorden que causan taxis de sitios colectivos.<\/p>\n\n\n\n<p>Por acuerdo del Comit\u00e9 de Vida Vecinal (Comvive), desde anoche comenzaron a colocar postes en el acceso a la vialidad principal, esquina con el Perif\u00e9rico, y otras calles.<\/p>\n\n\n\n<figure class=\"wp-block-embed-twitter wp-block-embed is-type-rich is-provider-twitter\"><div class=\"wp-block-embed__wrapper\">\n<div class=\"twitter-tweet\"><blockquote class=\"twitter-tweet\" data-lang=\"es\"><p lang=\"es\" dir=\"ltr\">Prevalece la falta de capacidad del <a href=\"https:\/\/twitter.com\/MunicipioOaxaca?ref_src=twsrc%5Etfw\">@MunicipioOaxaca<\/a> y del edil <a href=\"https:\/\/twitter.com\/oswaldogarciaj?ref_src=twsrc%5Etfw\">@oswaldogarciaj<\/a> para atender problemas de la ciudad. <br>Casi a la media noche de ayer, vecinos de la colonia Art\u00edculo 123 cerraron una calle ante el creciente ambulantaje, basura, delincuencia, entre otros. <a href=\"https:\/\/t.co\/pLVgisULyJ\">pic.twitter.com\/pLVgisULyJ<\/a><\/p>&mdash; Zona Roja Oaxaca (@MexRoja) <a href=\"https:\/\/twitter.com\/MexRoja\/status\/1347535119528194048?ref_src=twsrc%5Etfw\">8 de enero de 2021<\/a><\/blockquote><\/div>\n<\/div><\/figure>\n\n\n\n<p>Se\u00f1alaron que durante a\u00f1os han combatido solos el intento de l\u00edderes de ambulantes de ocupar sus calles para el comercio informal, as\u00ed como de taxistas for\u00e1neos quienes a diario hacen filas con sus veh\u00edculos esperando el ascenso de pasaje en una zona no permitida para ello, adem\u00e1s de&nbsp; la basura y contaminaci\u00f3n auditiva generada por ambos grupos.<\/p>\n\n\n\n<p>Al no ser atendidos por las instancias correspondientes y con la intenci\u00f3n de resguardar su seguridad y libre tr\u00e1nsito, los colonos se han protegido para evitar el ingreso de la delincuencia y el uso de sus vialidades como estacionamiento p\u00fablico y zonas de carga y descarga sin regulaci\u00f3n ni vigilancia alguna por parte del municipio de la capital.<\/p>\n","protected":false},"excerpt":{"rendered":"<p>Redacci\u00f3n\/Zona Roja. Oaxaca de Ju\u00e1rez, Oax., 8 de enero de 2021.- Ante la indolencia de&hellip;<\/p>\n","protected":false},"author":2,"featured_media":22171,"comment_status":"closed","ping_status":"open","sticky":false,"template":"","format":"standard","meta":{"_lmt_disableupdate":"","_lmt_disable":"","_jetpack_memberships_contains_paid_content":false,"footnotes":""},"categories":[109,47],"tags":[148],"class_list":["post-22170","post","type-post","status-publish","format-standard","has-post-thumbnail","hentry","category-minuto-a-minuto","category-zona-gris","tag-oaxaca-de-juarez"],"jetpack_featured_media_url":"https:\/\/zonaroja.com.mx\/wp-content\/uploads\/2021\/01\/Protesta-ciudad-de-Oaxaca.jpg","jetpack_sharing_enabled":true,"_links":{"self":[{"href":"https:\/\/zonaroja.com.mx\/index.php?rest_route=\/wp\/v2\/posts\/22170","targetHints":{"allow":["GET"]}}],"collection":[{"href":"https:\/\/zonaroja.com.mx\/index.php?rest_route=\/wp\/v2\/posts"}],"about":[{"href":"https:\/\/zonaroja.com.mx\/index.php?rest_route=\/wp\/v2\/types\/post"}],"author":[{"embeddable":true,"href":"https:\/\/zonaroja.com.mx\/index.php?rest_route=\/wp\/v2\/users\/2"}],"replies":[{"embeddable":true,"href":"https:\/\/zonaroja.com.mx\/index.php?rest_route=%2Fwp%2Fv2%2Fcomments&post=22170"}],"version-history":[{"count":1,"href":"https:\/\/zonaroja.com.mx\/index.php?rest_route=\/wp\/v2\/posts\/22170\/revisions"}],"predecessor-version":[{"id":22172,"href":"https:\/\/zonaroja.com.mx\/index.php?rest_route=\/wp\/v2\/posts\/22170\/revisions\/22172"}],"wp:featuredmedia":[{"embeddable":true,"href":"https:\/\/zonaroja.com.mx\/index.php?rest_route=\/wp\/v2\/media\/22171"}],"wp:attachment":[{"href":"https:\/\/zonaroja.com.mx\/index.php?rest_route=%2Fwp%2Fv2%2Fmedia&parent=22170"}],"wp:term":[{"taxonomy":"category","embeddable":true,"href":"https:\/\/zonaroja.com.mx\/index.php?rest_route=%2Fwp%2Fv2%2Fcategories&post=22170"},{"taxonomy":"post_tag","embeddable":true,"href":"https:\/\/zonaroja.com.mx\/index.php?rest_route=%2Fwp%2Fv2%2Ftags&post=22170"}],"curies":[{"name":"wp","href":"https:\/\/api.w.org\/{rel}","templated":true}]}}