{"id":22173,"date":"2021-01-08T14:21:02","date_gmt":"2021-01-08T20:21:02","guid":{"rendered":"http:\/\/www.zonaroja.com.mx\/?p=22173"},"modified":"2021-01-08T14:21:07","modified_gmt":"2021-01-08T20:21:07","slug":"registro-oaxaca-siete-ejecutados-en-menos-de-24-horas","status":"publish","type":"post","link":"https:\/\/zonaroja.com.mx\/?p=22173","title":{"rendered":"Registr\u00f3 Oaxaca siete ejecutados en menos de 24 horas"},"content":{"rendered":"\n<p>Redacci\u00f3n\/Zona Roja.<\/p>\n\n\n\n<p>Oaxaca de Ju\u00e1rez, Oax., 8 de enero de 2021.- En menos de 24 horas, siete personas fueron ejecutadas a balazos, presuntamente por disputas del crimen organizado.<\/p>\n\n\n\n<p>En tanto que en Barranca Larga, Ejutla de Crespo, fueron ultimados tres j\u00f3venes la madrugada de ayer, en San Miguel Soyaltepec ascendi\u00f3 a cuatro el n\u00famero de personas asesinadas anoche por un grupo armado.<\/p>\n\n\n\n<p>En el lugar de ataque, alrededor de las 19:00 horas de este jueves, perdieron la vida tres personas y dos resultaron heridas, siendo trasladadas a la cl\u00ednica de Soyaltepec, donde uno de ellos falleci\u00f3, por lo que ascendi\u00f3 a cuatro el n\u00famero de v\u00edctimas, en tanto otra fue trasladada lesionada al hospital de Tuxtepec.<\/p>\n\n\n\n<p>Presuntamente el ataque fue por uno de los grupos armados que busca tener el control en la zona; a trav\u00e9s de las redes sociales, los propios habitantes de ese municipio de la regi\u00f3n de la Cuenca detallaron la forma en que operan dichas organizaciones delictivas.<\/p>\n\n\n\n<p>\u201cPara que le asen a la mamada si ya saben quienes son los sicarios del gato y el pino son los que se est\u00e1n peleando la plasa de temascal\u201d, difundieron anoche a trav\u00e9s de Facebook.<\/p>\n\n\n\n<p>En el lugar fueron ejecutados a balazos Luis Donaldo G.M., de 25 a\u00f1os de edad, quien es integrante de un grupo musical; su hermano Derian Alexis G.V., de 23 a\u00f1os, ambos vecinos de la misma comunidad de San Miguel Soyaltepec, y Tiburcio P.T., de 30 a\u00f1os de edad.<\/p>\n\n\n\n<p>Durante la balacera resultaron lesionados Jorge Alberto y Salvador G. I., de 18 a\u00f1os de edad, que fueron auxiliados y canalizados a un hospital para recibir asistencia m\u00e9dica.<\/p>\n\n\n\n<p>Al llegar a la cl\u00ednica de Soyaltepec dej\u00f3 de existir Jorge Alberto, por lo cual ascendi\u00f3 a cuatro el n\u00famero de personas muertas.<\/p>\n\n\n\n<p>Personal de la Fiscal\u00eda General del Estado realiz\u00f3 diligencias en la zona y los cuerpos fueron trasladados al pante\u00f3n municipal.<\/p>\n\n\n\n<p>ZONA VIOLENTA<\/p>\n\n\n\n<p>En la zona han ocurrido una serie de hechos violentos durante el a\u00f1o pasado por la disputa de grupos armados, uno de ellos encabezado presuntamente por \u201cEl Gato\u201d.<\/p>\n\n\n\n<p>Durante el a\u00f1o pasado ocurrieron una ola de hechos sangrientos, entre ellos el asesinato de una pareja el 24 de noviembre del a\u00f1o pasado, sobre la calle de la Laguna de la colonia Polvor\u00edn.<\/p>\n\n\n\n<p>Las v\u00edctimas fueron identificadas como Margarita F. C., de 47 a\u00f1os, y Santigo V., quienes quedaron al interior del veh\u00edculo marca Volskwagen tipo Pointer color gris oscuro con placas de circulaci\u00f3n YHF 8097 del estado de Veracruz.<\/p>\n\n\n\n<p>De igual forma, el 9 de octubre, hombres fuertemente armados habr\u00edan ejecutado a una persona del sexo masculino, llev\u00e1ndose a otras dos personas, de quienes hasta el momento se ignoran sus identidades.<\/p>\n\n\n\n<p>Los hechos ocurrieron en horas de la tarde, cuando, las corporaciones policiacas del municipio de San Miguel Soyaltepec fueron alertadas, inform\u00e1ndoles, que en calles de una colonia perteneciente a la comunidad de Pescadito de En Medio, se hab\u00edan escuchado fuertes detonaciones.<\/p>\n\n\n\n<p>Y el 27 de febrero, el ex presidente municipal de la comunidad, Heriberto Ram\u00edrez Ram\u00edrez, fue ejecutado junto con su chofer en un ataque armado.<\/p>\n\n\n\n<p>El atentado ocurri\u00f3 sobre carretera en jurisdicci\u00f3n de Temazcal, en la regi\u00f3n de la Cuenca del Papaloapan.<\/p>\n","protected":false},"excerpt":{"rendered":"<p>Redacci\u00f3n\/Zona Roja. Oaxaca de Ju\u00e1rez, Oax., 8 de enero de 2021.- En menos de 24&hellip;<\/p>\n","protected":false},"author":2,"featured_media":22174,"comment_status":"closed","ping_status":"open","sticky":false,"template":"","format":"standard","meta":{"_lmt_disableupdate":"","_lmt_disable":"","_jetpack_memberships_contains_paid_content":false,"footnotes":""},"categories":[109,51],"tags":[1037],"class_list":["post-22173","post","type-post","status-publish","format-standard","has-post-thumbnail","hentry","category-minuto-a-minuto","category-zona-roja","tag-san-miguel-soyaltepec"],"jetpack_featured_media_url":"https:\/\/zonaroja.com.mx\/wp-content\/uploads\/2021\/01\/Ejecutados-Soyaltepec-2.jpg","jetpack_sharing_enabled":true,"_links":{"self":[{"href":"https:\/\/zonaroja.com.mx\/index.php?rest_route=\/wp\/v2\/posts\/22173","targetHints":{"allow":["GET"]}}],"collection":[{"href":"https:\/\/zonaroja.com.mx\/index.php?rest_route=\/wp\/v2\/posts"}],"about":[{"href":"https:\/\/zonaroja.com.mx\/index.php?rest_route=\/wp\/v2\/types\/post"}],"author":[{"embeddable":true,"href":"https:\/\/zonaroja.com.mx\/index.php?rest_route=\/wp\/v2\/users\/2"}],"replies":[{"embeddable":true,"href":"https:\/\/zonaroja.com.mx\/index.php?rest_route=%2Fwp%2Fv2%2Fcomments&post=22173"}],"version-history":[{"count":1,"href":"https:\/\/zonaroja.com.mx\/index.php?rest_route=\/wp\/v2\/posts\/22173\/revisions"}],"predecessor-version":[{"id":22175,"href":"https:\/\/zonaroja.com.mx\/index.php?rest_route=\/wp\/v2\/posts\/22173\/revisions\/22175"}],"wp:featuredmedia":[{"embeddable":true,"href":"https:\/\/zonaroja.com.mx\/index.php?rest_route=\/wp\/v2\/media\/22174"}],"wp:attachment":[{"href":"https:\/\/zonaroja.com.mx\/index.php?rest_route=%2Fwp%2Fv2%2Fmedia&parent=22173"}],"wp:term":[{"taxonomy":"category","embeddable":true,"href":"https:\/\/zonaroja.com.mx\/index.php?rest_route=%2Fwp%2Fv2%2Fcategories&post=22173"},{"taxonomy":"post_tag","embeddable":true,"href":"https:\/\/zonaroja.com.mx\/index.php?rest_route=%2Fwp%2Fv2%2Ftags&post=22173"}],"curies":[{"name":"wp","href":"https:\/\/api.w.org\/{rel}","templated":true}]}}