{"id":2218,"date":"2019-07-12T22:02:50","date_gmt":"2019-07-13T03:02:50","guid":{"rendered":"http:\/\/www.zonaroja.com.mx\/?p=2218"},"modified":"2019-07-12T22:02:52","modified_gmt":"2019-07-13T03:02:52","slug":"a-10-dias-de-la-guelaguetza-dos-ejecutados-y-hallazgo-de-fosa-clandestina","status":"publish","type":"post","link":"https:\/\/zonaroja.com.mx\/?p=2218","title":{"rendered":"A 10 d\u00edas de la Guelaguetza, dos ejecutados y hallazgo de fosa clandestina"},"content":{"rendered":"\n<p>Redacci\u00f3n<\/p>\n\n\n\n<p>Oaxaca de\nJu\u00e1rez, Oax., 12 de julio de 2019.- A 10 d\u00edas de los Lunes del Cerro de la\nGuelaguetza, la ola violenta contin\u00faa en Oaxaca, con saldo de dos personas\nejecutadas, dos asaltos violentos a comercios y el hallazgo de una fosa\nclandestina.<\/p>\n\n\n\n<p>Esta noche,\nen Chahuites, municipio de la regi\u00f3n del Istmo de Tehuantepec, fue ultimado a\nbalazos un joven de 18 a\u00f1os de edad, identificado de manera preliminar como\nFiliberto G. S.<\/p>\n\n\n\n<p>De acuerdo\ncon reportes preliminares de la Vicefiscal\u00eda Regional del Istmo, en crimen\nocurri\u00f3 en la calle Adolfo L\u00f3pez Mateos esquina con 5 de Febrero de la colonia\nJuchi y el cuerpo presenta varios disparos de armas de fuego; no hay personas\ndetenidas por este caso.<\/p>\n\n\n\n<p>En la\nlocalidad de El Ciruelo, del municipio de Santiago Pinotepa Nacional, alrededor\nde las 14:00 horas fue asesinada otra persona del sexo masculino, de\naproximadamente 40 a\u00f1os de edad; tambi\u00e9n presenta disparos de arma de fuego.<\/p>\n\n\n\n<p>En San Juan\nBautista Tuxtepec, desde ayer personal de la Vicefiscal\u00eda Regional de la\nCuenca, as\u00ed como de corporaciones federales y estatales, realizan indagatorias\nen una fosa clandestina hallada en la localidad de Camelia Roja.<\/p>\n\n\n\n<p>De manera\npreliminar, la instancia de procuraci\u00f3n de justicia adelant\u00f3 que se hall\u00f3 osamentas\nde al menos una persona, al parecer del sexo femenino; hasta el momento no ha\nhabido versi\u00f3n oficial de los hechos.<\/p>\n\n\n\n<p>Por otra\nparte, un asalto violento ocurri\u00f3 la noche de este viernes en la tienda Oxxo de\nJuchit\u00e1n de Zaragoza; al menos dos individuos provistos de arma de fuego ingresaron\nal establecimiento ubicado a un costado del llamado Canal 33, en la carretera\nfederal 190; tras obtener el bot\u00edn, los delincuentes huyeron.<\/p>\n\n\n\n<p>Un hecho\nsimilar se registr\u00f3 aproximadamente a las 18:00 horas, pero en la tienda Coppel\nCanad\u00e1 de la calle Aldama en San Juan Bautista Tuxtepec, cerca de la terminal\nde autobuses de primera clase y a unas seis cuadras del palacio municipal.<\/p>\n\n\n\n<p>Elementos\npoliciacos y de la Agencia Estatal de Investigaciones arribaron al lugar pero\nfueron impedidos a ingresar a la tienda, bajo el argumento de que el personal\nrealizaba una revisi\u00f3n del monto robado. En todos los casos no hay personas\ndetenidas.<\/p>\n","protected":false},"excerpt":{"rendered":"<p>Redacci\u00f3n Oaxaca de Ju\u00e1rez, Oax., 12 de julio de 2019.- A 10 d\u00edas de los&hellip;<\/p>\n","protected":false},"author":2,"featured_media":1580,"comment_status":"closed","ping_status":"open","sticky":false,"template":"","format":"standard","meta":{"_lmt_disableupdate":"","_lmt_disable":"","_jetpack_memberships_contains_paid_content":false,"footnotes":""},"categories":[51],"tags":[],"class_list":["post-2218","post","type-post","status-publish","format-standard","has-post-thumbnail","hentry","category-zona-roja"],"jetpack_featured_media_url":"https:\/\/zonaroja.com.mx\/wp-content\/uploads\/2019\/06\/inseguridad.jpg","jetpack_sharing_enabled":true,"_links":{"self":[{"href":"https:\/\/zonaroja.com.mx\/index.php?rest_route=\/wp\/v2\/posts\/2218","targetHints":{"allow":["GET"]}}],"collection":[{"href":"https:\/\/zonaroja.com.mx\/index.php?rest_route=\/wp\/v2\/posts"}],"about":[{"href":"https:\/\/zonaroja.com.mx\/index.php?rest_route=\/wp\/v2\/types\/post"}],"author":[{"embeddable":true,"href":"https:\/\/zonaroja.com.mx\/index.php?rest_route=\/wp\/v2\/users\/2"}],"replies":[{"embeddable":true,"href":"https:\/\/zonaroja.com.mx\/index.php?rest_route=%2Fwp%2Fv2%2Fcomments&post=2218"}],"version-history":[{"count":1,"href":"https:\/\/zonaroja.com.mx\/index.php?rest_route=\/wp\/v2\/posts\/2218\/revisions"}],"predecessor-version":[{"id":2219,"href":"https:\/\/zonaroja.com.mx\/index.php?rest_route=\/wp\/v2\/posts\/2218\/revisions\/2219"}],"wp:featuredmedia":[{"embeddable":true,"href":"https:\/\/zonaroja.com.mx\/index.php?rest_route=\/wp\/v2\/media\/1580"}],"wp:attachment":[{"href":"https:\/\/zonaroja.com.mx\/index.php?rest_route=%2Fwp%2Fv2%2Fmedia&parent=2218"}],"wp:term":[{"taxonomy":"category","embeddable":true,"href":"https:\/\/zonaroja.com.mx\/index.php?rest_route=%2Fwp%2Fv2%2Fcategories&post=2218"},{"taxonomy":"post_tag","embeddable":true,"href":"https:\/\/zonaroja.com.mx\/index.php?rest_route=%2Fwp%2Fv2%2Ftags&post=2218"}],"curies":[{"name":"wp","href":"https:\/\/api.w.org\/{rel}","templated":true}]}}