{"id":22183,"date":"2021-01-08T15:16:29","date_gmt":"2021-01-08T21:16:29","guid":{"rendered":"http:\/\/www.zonaroja.com.mx\/?p=22183"},"modified":"2021-01-08T15:16:33","modified_gmt":"2021-01-08T21:16:33","slug":"sucesion-en-la-rectoria-en-orden-y-con-legalidad-eduardo-bautista","status":"publish","type":"post","link":"https:\/\/zonaroja.com.mx\/?p=22183","title":{"rendered":"Sucesi\u00f3n en la rector\u00eda, en orden y con legalidad: Eduardo Bautista"},"content":{"rendered":"\n<p>Evlin Arag\u00f3n\/Zona Roja.<\/p>\n\n\n\n<p>Oaxaca de Ju\u00e1rez, Oax., 8 de enero de 2021.- \u201cEn este momento, en enero de 2021, nuestro m\u00e1ximo \u00f3rgano de gobierno debe darse a la tarea de construir los consensos y ruta, de manera civilizada en apego a la legalidad a nuestra Ley Org\u00e1nica vigente, que permita una transici\u00f3n que d\u00e9 certidumbre a nuestra comunidad universitaria\u201d.<\/p>\n\n\n\n<p>Son las palabras del rector de la Universidad Aut\u00f3noma \u201cBenito Ju\u00e1rez\u201d de Oaxaca (UABJO), Eduardo Bautista Mart\u00ednez, quien asegur\u00f3 que la sucesi\u00f3n en la rector\u00eda significara uno de los principales desaf\u00edos en este inicio de a\u00f1o, al quedar pendiente desde mayo pasado debido a la contingencia sanitaria.&nbsp;<\/p>\n\n\n\n<p>Para ello, la m\u00e1xima autoridad universitaria indic\u00f3 que es fundamental que no se violenten procesos, por lo que ser\u00e1 necesario ponderar el di\u00e1logo y los acuerdos para conseguir una transici\u00f3n ordenada y civilizada que permita a la instancia educativa mantener el nivel de democracia que la caracteriza en beneficio personal administrativo, docentes y estudiantado.&nbsp;<\/p>\n\n\n\n<p>\u201cEs importante que la UABJO pueda dar un ejemplo de civilidad y de construcci\u00f3n de democracia, como se ha hecho en otras ocasiones\u201d, refiri\u00f3, en entrevista para Radio Universidad.&nbsp;<\/p>\n\n\n\n<p>De forma particular, Bautista Mart\u00ednez manifest\u00f3 que ser\u00e1n las autoridades de la Comisi\u00f3n T\u00e9cnica de Medidas de Salud, la Comisi\u00f3n Electoral y el Consejo Universitario quienes definir\u00e1n la fecha y las condiciones en las que se llevar\u00eda a cabo el relevo rectoral al interior de la UABJO.\u00a0<\/p>\n\n\n\n<figure class=\"wp-block-embed-twitter wp-block-embed is-type-rich is-provider-twitter\"><div class=\"wp-block-embed__wrapper\">\n<div class=\"twitter-tweet\"><blockquote class=\"twitter-tweet\" data-lang=\"es\"><p lang=\"es\" dir=\"ltr\">Si te perdiste la entrevista con el Rector de nuestra Universidad, <a href=\"https:\/\/twitter.com\/Bautistaeduardo?ref_src=twsrc%5Etfw\">@Bautistaeduardo<\/a>, sobre el reinicio de actividades acad\u00e9mico-administrativas, puedes escucharla en el siguiente link:<a href=\"https:\/\/t.co\/vo2onfVxhK\">https:\/\/t.co\/vo2onfVxhK<\/a><a href=\"https:\/\/twitter.com\/XhubjRadio?ref_src=twsrc%5Etfw\">@XhubjRadio<\/a> <a href=\"https:\/\/t.co\/Obw8UTGoax\">pic.twitter.com\/Obw8UTGoax<\/a><\/p>&mdash; Comunicaci\u00f3nUABJO (@comunica_UABJO) <a href=\"https:\/\/twitter.com\/comunica_UABJO\/status\/1347634177777217542?ref_src=twsrc%5Etfw\">8 de enero de 2021<\/a><\/blockquote><\/div>\n<\/div><\/figure>\n\n\n\n<p>A la par que asegur\u00f3 coadyuvar\u00e1 en cualquier instrucci\u00f3n que refiera el m\u00e1ximo \u00f3rgano de gobierno al interior del centro educativo, siempre y cuando se encuentren en apego a la legalidad.&nbsp;<\/p>\n\n\n\n<p>\u201cEs importante que quien lleve el relevo en esta rector\u00eda cumpla con los requisitos de elegibilidad establecidos en la ley org\u00e1nica a fin de evitar cualquier tipo de inconformidad y conflicto por parte de la comunidad universitaria\u201d, dijo.&nbsp;<\/p>\n\n\n\n<p>Finalmente reiter\u00f3 que se trata de un desaf\u00edo enorme para la UABJO, mismo que debe asumirse con responsabilidad y legalidad por el bien de toda la comunidad universitaria.&nbsp;<\/p>\n\n\n\n<p>Eduardo Bautista record\u00f3 que fue el 15 de mayo pasado que concluy\u00f3 de manera oficial su mandato, el cual se tuvo que extender debido a la falta de condiciones favorables para llevarse a cabo el proceso electoral, ello ante el cierre de las actividades presenciales por la pandemia de Covid-19.<\/p>\n","protected":false},"excerpt":{"rendered":"<p>Evlin Arag\u00f3n\/Zona Roja. Oaxaca de Ju\u00e1rez, Oax., 8 de enero de 2021.- \u201cEn este momento,&hellip;<\/p>\n","protected":false},"author":2,"featured_media":22184,"comment_status":"closed","ping_status":"open","sticky":false,"template":"","format":"standard","meta":{"_lmt_disableupdate":"","_lmt_disable":"","_jetpack_memberships_contains_paid_content":false,"footnotes":""},"categories":[109,46],"tags":[360],"class_list":["post-22183","post","type-post","status-publish","format-standard","has-post-thumbnail","hentry","category-minuto-a-minuto","category-zona-blanca","tag-rector-eduardo-bautista-martinez"],"jetpack_featured_media_url":"https:\/\/zonaroja.com.mx\/wp-content\/uploads\/2021\/01\/Eduardo-Bautista-entrevista.jpg","jetpack_sharing_enabled":true,"_links":{"self":[{"href":"https:\/\/zonaroja.com.mx\/index.php?rest_route=\/wp\/v2\/posts\/22183","targetHints":{"allow":["GET"]}}],"collection":[{"href":"https:\/\/zonaroja.com.mx\/index.php?rest_route=\/wp\/v2\/posts"}],"about":[{"href":"https:\/\/zonaroja.com.mx\/index.php?rest_route=\/wp\/v2\/types\/post"}],"author":[{"embeddable":true,"href":"https:\/\/zonaroja.com.mx\/index.php?rest_route=\/wp\/v2\/users\/2"}],"replies":[{"embeddable":true,"href":"https:\/\/zonaroja.com.mx\/index.php?rest_route=%2Fwp%2Fv2%2Fcomments&post=22183"}],"version-history":[{"count":1,"href":"https:\/\/zonaroja.com.mx\/index.php?rest_route=\/wp\/v2\/posts\/22183\/revisions"}],"predecessor-version":[{"id":22185,"href":"https:\/\/zonaroja.com.mx\/index.php?rest_route=\/wp\/v2\/posts\/22183\/revisions\/22185"}],"wp:featuredmedia":[{"embeddable":true,"href":"https:\/\/zonaroja.com.mx\/index.php?rest_route=\/wp\/v2\/media\/22184"}],"wp:attachment":[{"href":"https:\/\/zonaroja.com.mx\/index.php?rest_route=%2Fwp%2Fv2%2Fmedia&parent=22183"}],"wp:term":[{"taxonomy":"category","embeddable":true,"href":"https:\/\/zonaroja.com.mx\/index.php?rest_route=%2Fwp%2Fv2%2Fcategories&post=22183"},{"taxonomy":"post_tag","embeddable":true,"href":"https:\/\/zonaroja.com.mx\/index.php?rest_route=%2Fwp%2Fv2%2Ftags&post=22183"}],"curies":[{"name":"wp","href":"https:\/\/api.w.org\/{rel}","templated":true}]}}