{"id":22190,"date":"2021-01-08T20:36:02","date_gmt":"2021-01-09T02:36:02","guid":{"rendered":"http:\/\/www.zonaroja.com.mx\/?p=22190"},"modified":"2021-01-08T20:36:08","modified_gmt":"2021-01-09T02:36:08","slug":"fiscalia-de-oaxaca-deja-plantados-a-familiares-de-desaparecidos","status":"publish","type":"post","link":"https:\/\/zonaroja.com.mx\/?p=22190","title":{"rendered":"Fiscal\u00eda de Oaxaca deja \u201cplantados\u201d a familiares de desaparecidos"},"content":{"rendered":"\n<p>Yuridiana Sosa\/Zona Roja.<\/p>\n\n\n\n<p>Oaxaca de Ju\u00e1rez, Oax., 8 de enero de 2021.- Familiares de v\u00edctimas de desaparici\u00f3n en Oaxaca, que integran el Colectivo Oaxaque\u00f1o Unidos Exigiendo Justicia y Caminos A.C denunciaron una total desatenci\u00f3n y desinter\u00e9s del fiscal Rub\u00e9n Vasconcelos M\u00e9ndez por atender la exigencia de b\u00fasqueda y presentaci\u00f3n con vida de sus desaparecidos.<\/p>\n\n\n\n<p>En conferencia de prensa, en Ciudad Judicial, San Bartolo Coyotepec, los inconformes se\u00f1alaron que en la reuni\u00f3n programada para este viernes funcionarios de segundo nivel de la Fiscal\u00eda excusaron la ausencia de Vasconcelos M\u00e9ndez porque padece de Covid-19, aunque de forma oficial el fiscal no ha informado sobre su estado de salud, como s\u00ed lo hizo este jueves el gobernador Alejandro Murat.<\/p>\n\n\n\n<p>Los integrantes del Colectivo Oaxaque\u00f1o Unidos Exigiendo Justicia y Caminos A.C, condenaron la falta de compromiso de las autoridades y nula atenci\u00f3n a sus demandas, as\u00ed como desde la creaci\u00f3n de este grupo en 2018, el fiscal de Oaxaca nunca los ha recibido; misma situaci\u00f3n con el mandatario estatal.<\/p>\n\n\n\n<figure class=\"wp-block-embed-twitter wp-block-embed is-type-rich is-provider-twitter\"><div class=\"wp-block-embed__wrapper\">\n<div class=\"twitter-tweet\"><blockquote class=\"twitter-tweet\" data-lang=\"es\"><p lang=\"es\" dir=\"ltr\"><a href=\"https:\/\/twitter.com\/hashtag\/OaxacaGris?src=hash&amp;ref_src=twsrc%5Etfw\">#OaxacaGris<\/a> <br>El titular de la <a href=\"https:\/\/twitter.com\/FISCALIA_GobOax?ref_src=twsrc%5Etfw\">@FISCALIA_GobOax<\/a>, <a href=\"https:\/\/twitter.com\/RVasconcelosM?ref_src=twsrc%5Etfw\">@RVasconcelosM<\/a>, dej\u00f3 \u201cplantados\u201d hoy a integrantes del Colectivo Oaxaque\u00f1o Unidos Exigiendo Justicia y Caminos A. C., en sus oficinas de Ciudad Judicial; \u201cel fiscal tiene Covid\u201d, les argumentaron. <a href=\"https:\/\/t.co\/Ct7vULib9h\">pic.twitter.com\/Ct7vULib9h<\/a><\/p>&mdash; Zona Roja Oaxaca (@MexRoja) <a href=\"https:\/\/twitter.com\/MexRoja\/status\/1347703946610176000?ref_src=twsrc%5Etfw\">9 de enero de 2021<\/a><\/blockquote><\/div>\n<\/div><\/figure>\n\n\n\n<p>Por lo que, por segundo a\u00f1o consecutivo, este colectivo inici\u00f3 el a\u00f1o con movilizaciones pac\u00edficas para exigir la b\u00fasqueda y presentaci\u00f3n de sus familiares, as\u00ed como la creaci\u00f3n de la integraci\u00f3n de la Comisi\u00f3n Local de B\u00fasqueda del Estado de Oaxaca.<\/p>\n\n\n\n<p>Los inconformes fueron citados una vez m\u00e1s el pr\u00f3ximo 15 de enero, en la que esperan se cuente con la presencia de los titulares de la Secretar\u00eda General de Gobierno y Defensor\u00eda de los Derechos Humanos del Pueblo de Oaxaca.<\/p>\n\n\n\n<p>En tanto, tambi\u00e9n anunciaron otra movilizaci\u00f3n para el 1 de febrero a las 18:00 horas en la explanada del templo de Santo Domingo de Guzm\u00e1n, en la capital del estado.<\/p>\n","protected":false},"excerpt":{"rendered":"<p>Yuridiana Sosa\/Zona Roja. Oaxaca de Ju\u00e1rez, Oax., 8 de enero de 2021.- Familiares de v\u00edctimas&hellip;<\/p>\n","protected":false},"author":2,"featured_media":22191,"comment_status":"closed","ping_status":"open","sticky":false,"template":"","format":"standard","meta":{"_lmt_disableupdate":"","_lmt_disable":"","_jetpack_memberships_contains_paid_content":false,"footnotes":""},"categories":[109,47],"tags":[1221],"class_list":["post-22190","post","type-post","status-publish","format-standard","has-post-thumbnail","hentry","category-minuto-a-minuto","category-zona-gris","tag-colectivo-oaxaqueno-unidos-exigiendo-justicia"],"jetpack_featured_media_url":"https:\/\/zonaroja.com.mx\/wp-content\/uploads\/2021\/01\/Protesta-colectivo-oaxaqueno.jpg","jetpack_sharing_enabled":true,"_links":{"self":[{"href":"https:\/\/zonaroja.com.mx\/index.php?rest_route=\/wp\/v2\/posts\/22190","targetHints":{"allow":["GET"]}}],"collection":[{"href":"https:\/\/zonaroja.com.mx\/index.php?rest_route=\/wp\/v2\/posts"}],"about":[{"href":"https:\/\/zonaroja.com.mx\/index.php?rest_route=\/wp\/v2\/types\/post"}],"author":[{"embeddable":true,"href":"https:\/\/zonaroja.com.mx\/index.php?rest_route=\/wp\/v2\/users\/2"}],"replies":[{"embeddable":true,"href":"https:\/\/zonaroja.com.mx\/index.php?rest_route=%2Fwp%2Fv2%2Fcomments&post=22190"}],"version-history":[{"count":1,"href":"https:\/\/zonaroja.com.mx\/index.php?rest_route=\/wp\/v2\/posts\/22190\/revisions"}],"predecessor-version":[{"id":22192,"href":"https:\/\/zonaroja.com.mx\/index.php?rest_route=\/wp\/v2\/posts\/22190\/revisions\/22192"}],"wp:featuredmedia":[{"embeddable":true,"href":"https:\/\/zonaroja.com.mx\/index.php?rest_route=\/wp\/v2\/media\/22191"}],"wp:attachment":[{"href":"https:\/\/zonaroja.com.mx\/index.php?rest_route=%2Fwp%2Fv2%2Fmedia&parent=22190"}],"wp:term":[{"taxonomy":"category","embeddable":true,"href":"https:\/\/zonaroja.com.mx\/index.php?rest_route=%2Fwp%2Fv2%2Fcategories&post=22190"},{"taxonomy":"post_tag","embeddable":true,"href":"https:\/\/zonaroja.com.mx\/index.php?rest_route=%2Fwp%2Fv2%2Ftags&post=22190"}],"curies":[{"name":"wp","href":"https:\/\/api.w.org\/{rel}","templated":true}]}}