{"id":22193,"date":"2021-01-08T20:59:51","date_gmt":"2021-01-09T02:59:51","guid":{"rendered":"http:\/\/www.zonaroja.com.mx\/?p=22193"},"modified":"2021-01-08T20:59:56","modified_gmt":"2021-01-09T02:59:56","slug":"analiza-congreso-regular-reparacion-por-danos-ecologicos-en-pueblos-indigenas-y-aformexicano","status":"publish","type":"post","link":"https:\/\/zonaroja.com.mx\/?p=22193","title":{"rendered":"Analiza Congreso regular reparaci\u00f3n por da\u00f1os ecol\u00f3gicos en pueblos ind\u00edgenas y aformexicano"},"content":{"rendered":"\n<p>Redacci\u00f3n\/Zona Roja.<\/p>\n\n\n\n<p>Oaxaca de Ju\u00e1rez, Oax., 8 de enero de 2021.- Reforzar la legislaci\u00f3n que establece cumplir con la reparaci\u00f3n inmediata y justa por perjuicios ambientales en comunidades ind\u00edgenas y afromexicanas, es una propuesta en an\u00e1lisis al interior del Congreso de Oaxaca.<\/p>\n\n\n\n<p>Mediante una iniciativa de reforma al Art\u00edculo 57 de la Ley de Derechos de los Pueblos y Comunidades Ind\u00edgenas del Estado de Oaxaca, se pretende robustecer el marco jur\u00eddico vigente y as\u00ed, el resarcimiento por agravios ecol\u00f3gicos sean enfocadas y dirigidas seg\u00fan las necesidades de los propios habitantes de una zona.<\/p>\n\n\n\n<p>El texto propuesto establece que, en caso de que las autoridades federales o estatales competentes emitieran sanciones econ\u00f3micas para la reparaci\u00f3n del da\u00f1o ecol\u00f3gico, estas deber\u00e1n de utilizarse en obras o acciones que lo mitiguen y que exijan los pueblos y comunidades.<\/p>\n\n\n\n<p>De esta forma se atender\u00eda la constante preocupaci\u00f3n de las poblaciones respecto a la preservaci\u00f3n de sus recursos y espacios naturales, a fin de que sus tradiciones y culturas perduren, de acuerdo con precedentes jur\u00eddicos establecidos por la Corte interamericana de Derechos Humanos.<\/p>\n\n\n\n<p>S\u00f3lo Oaxaca es considerado como el Estado con mayor biodiversidad del pa\u00eds, al contar con m\u00e1s de 12 mil 500 especies de flora y fauna. Adem\u00e1s, cuenta con la mayor cantidad de poblaci\u00f3n ind\u00edgena -con 16 grupos \u00e9tnicos y significativos n\u00facleos de poblaci\u00f3n negra o afromestiza-, (un mill\u00f3n 205 mil 886 personas).<\/p>\n\n\n\n<p>El planteamiento legislativo considera casos como el registrado durante el a\u00f1o 2018, en el municipio de San Jos\u00e9 del Progreso, en el cual se report\u00f3 el derrame de jales secos provenientes del proyecto San Jos\u00e9, de la empresa minera Cuzcatl\u00e1n o Fortuna Silver; pero a pesar de las denuncias e inspecciones el consorcio minero no repar\u00f3 los da\u00f1os ecol\u00f3gicos.<\/p>\n\n\n\n<p>Esta propuesta legislativa fue impulsada por la diputada, Griselda Sosa V\u00e1squez, fue remitida por la Mesa Directiva del Congreso local para su estudio a la comisi\u00f3n correspondientes.<\/p>\n","protected":false},"excerpt":{"rendered":"<p>Redacci\u00f3n\/Zona Roja. Oaxaca de Ju\u00e1rez, Oax., 8 de enero de 2021.- Reforzar la legislaci\u00f3n que&hellip;<\/p>\n","protected":false},"author":2,"featured_media":18488,"comment_status":"closed","ping_status":"open","sticky":false,"template":"","format":"standard","meta":{"_lmt_disableupdate":"","_lmt_disable":"","_jetpack_memberships_contains_paid_content":false,"footnotes":""},"categories":[109,46],"tags":[213],"class_list":["post-22193","post","type-post","status-publish","format-standard","has-post-thumbnail","hentry","category-minuto-a-minuto","category-zona-blanca","tag-64-legislatura-de-oaxaca"],"jetpack_featured_media_url":"https:\/\/zonaroja.com.mx\/wp-content\/uploads\/2020\/10\/Congreso-del-Estado-de-Oaxaca.jpg","jetpack_sharing_enabled":true,"_links":{"self":[{"href":"https:\/\/zonaroja.com.mx\/index.php?rest_route=\/wp\/v2\/posts\/22193","targetHints":{"allow":["GET"]}}],"collection":[{"href":"https:\/\/zonaroja.com.mx\/index.php?rest_route=\/wp\/v2\/posts"}],"about":[{"href":"https:\/\/zonaroja.com.mx\/index.php?rest_route=\/wp\/v2\/types\/post"}],"author":[{"embeddable":true,"href":"https:\/\/zonaroja.com.mx\/index.php?rest_route=\/wp\/v2\/users\/2"}],"replies":[{"embeddable":true,"href":"https:\/\/zonaroja.com.mx\/index.php?rest_route=%2Fwp%2Fv2%2Fcomments&post=22193"}],"version-history":[{"count":1,"href":"https:\/\/zonaroja.com.mx\/index.php?rest_route=\/wp\/v2\/posts\/22193\/revisions"}],"predecessor-version":[{"id":22194,"href":"https:\/\/zonaroja.com.mx\/index.php?rest_route=\/wp\/v2\/posts\/22193\/revisions\/22194"}],"wp:featuredmedia":[{"embeddable":true,"href":"https:\/\/zonaroja.com.mx\/index.php?rest_route=\/wp\/v2\/media\/18488"}],"wp:attachment":[{"href":"https:\/\/zonaroja.com.mx\/index.php?rest_route=%2Fwp%2Fv2%2Fmedia&parent=22193"}],"wp:term":[{"taxonomy":"category","embeddable":true,"href":"https:\/\/zonaroja.com.mx\/index.php?rest_route=%2Fwp%2Fv2%2Fcategories&post=22193"},{"taxonomy":"post_tag","embeddable":true,"href":"https:\/\/zonaroja.com.mx\/index.php?rest_route=%2Fwp%2Fv2%2Ftags&post=22193"}],"curies":[{"name":"wp","href":"https:\/\/api.w.org\/{rel}","templated":true}]}}