{"id":22207,"date":"2021-01-09T07:52:25","date_gmt":"2021-01-09T13:52:25","guid":{"rendered":"http:\/\/www.zonaroja.com.mx\/?p=22207"},"modified":"2021-01-09T07:52:30","modified_gmt":"2021-01-09T13:52:30","slug":"buscan-vero-hernandez-y-claudia-alvarez-candidaturas-por-morena","status":"publish","type":"post","link":"https:\/\/zonaroja.com.mx\/?p=22207","title":{"rendered":"Buscan Vero Hern\u00e1ndez y Claudia \u00c1lvarez candidaturas por Morena"},"content":{"rendered":"\n<p>Redacci\u00f3n\/Zona Roja.<\/p>\n\n\n\n<p>Oaxaca de Ju\u00e1rez, Oax., 9 de enero de 2021.- Vero Hern\u00e1ndez y Claudia \u00c1lvarez inscribieron su candidatura en el Partido Morena, para una diputaci\u00f3n federal por Tlaxiaco y para la presidencia municipal de Putla Villa de Guerrero, respectivamente.<\/p>\n\n\n\n<p>La dirigente de la Confederaci\u00f3n \u201cLibertad\u201d de Trabajadores de M\u00e9xico (CLTM), Guadalupe D\u00edaz Pantoja mostr\u00f3 su respaldo a ambas aspirantes.<\/p>\n\n\n\n<p>\u00abEs tiempo de las mujeres, mi respaldo moral y pol\u00edtico para ustedes que son mujeres de valor\u00bb, expuso, al tiempo de aplaudir que se est\u00e9n abriendo un n\u00famero mayor de espacios para las mujeres.<\/p>\n\n\n\n<p>D\u00edaz Pantoja ha mostrado su apoyo a las mujeres quienes como ella han trabajado duro para lograr la conquista de lugares en sectores que antes eran considerados s\u00f3lo para los hombres, como la pol\u00edtica y en el transporte.<\/p>\n\n\n\n<p>La doctora de profesi\u00f3n Ver\u00f3nica Hern\u00e1ndez Gonz\u00e1lez junto con la comunic\u00f3loga Claudia \u00c1lvarez, quienes tienen un amplio trabajo&nbsp; pol\u00edtico y reconocimiento social en sus regiones, presentaron su registro el d\u00eda jueves para contender por estos cargos de elecci\u00f3n popular por Morena.<\/p>\n\n\n\n<p>Ambas cuentan con potencial pol\u00edtico&nbsp; y coadyuvar en la transformaci\u00f3n del pa\u00eds y de Oaxaca, esta propuesta es apoyada por Gudalupe D\u00edaz Pantoja quien reconoci\u00f3 en ambas mujeres trabajo, dedicaci\u00f3n y esfuerzo.<\/p>\n","protected":false},"excerpt":{"rendered":"<p>Redacci\u00f3n\/Zona Roja. Oaxaca de Ju\u00e1rez, Oax., 9 de enero de 2021.- Vero Hern\u00e1ndez y Claudia&hellip;<\/p>\n","protected":false},"author":2,"featured_media":22208,"comment_status":"closed","ping_status":"open","sticky":false,"template":"","format":"standard","meta":{"_lmt_disableupdate":"","_lmt_disable":"","_jetpack_memberships_contains_paid_content":false,"footnotes":""},"categories":[109,46],"tags":[264],"class_list":["post-22207","post","type-post","status-publish","format-standard","has-post-thumbnail","hentry","category-minuto-a-minuto","category-zona-blanca","tag-guadalupe-diaz-pantoja"],"jetpack_featured_media_url":"https:\/\/zonaroja.com.mx\/wp-content\/uploads\/2021\/01\/Vero-Hernandez.png","jetpack_sharing_enabled":true,"_links":{"self":[{"href":"https:\/\/zonaroja.com.mx\/index.php?rest_route=\/wp\/v2\/posts\/22207","targetHints":{"allow":["GET"]}}],"collection":[{"href":"https:\/\/zonaroja.com.mx\/index.php?rest_route=\/wp\/v2\/posts"}],"about":[{"href":"https:\/\/zonaroja.com.mx\/index.php?rest_route=\/wp\/v2\/types\/post"}],"author":[{"embeddable":true,"href":"https:\/\/zonaroja.com.mx\/index.php?rest_route=\/wp\/v2\/users\/2"}],"replies":[{"embeddable":true,"href":"https:\/\/zonaroja.com.mx\/index.php?rest_route=%2Fwp%2Fv2%2Fcomments&post=22207"}],"version-history":[{"count":1,"href":"https:\/\/zonaroja.com.mx\/index.php?rest_route=\/wp\/v2\/posts\/22207\/revisions"}],"predecessor-version":[{"id":22209,"href":"https:\/\/zonaroja.com.mx\/index.php?rest_route=\/wp\/v2\/posts\/22207\/revisions\/22209"}],"wp:featuredmedia":[{"embeddable":true,"href":"https:\/\/zonaroja.com.mx\/index.php?rest_route=\/wp\/v2\/media\/22208"}],"wp:attachment":[{"href":"https:\/\/zonaroja.com.mx\/index.php?rest_route=%2Fwp%2Fv2%2Fmedia&parent=22207"}],"wp:term":[{"taxonomy":"category","embeddable":true,"href":"https:\/\/zonaroja.com.mx\/index.php?rest_route=%2Fwp%2Fv2%2Fcategories&post=22207"},{"taxonomy":"post_tag","embeddable":true,"href":"https:\/\/zonaroja.com.mx\/index.php?rest_route=%2Fwp%2Fv2%2Ftags&post=22207"}],"curies":[{"name":"wp","href":"https:\/\/api.w.org\/{rel}","templated":true}]}}