{"id":22214,"date":"2021-01-09T08:29:35","date_gmt":"2021-01-09T14:29:35","guid":{"rendered":"http:\/\/www.zonaroja.com.mx\/?p=22214"},"modified":"2021-01-09T08:29:39","modified_gmt":"2021-01-09T14:29:39","slug":"citan-a-consejo-estatal-del-prd-evaluan-remover-a-dirigente-jose-julio-antonio","status":"publish","type":"post","link":"https:\/\/zonaroja.com.mx\/?p=22214","title":{"rendered":"Citan a Consejo Estatal del PRD; eval\u00faan remover a dirigente Jos\u00e9 Julio Antonio"},"content":{"rendered":"\n<p>Redacci\u00f3n\/Zona Roja.<\/p>\n\n\n\n<p>Oaxaca de Ju\u00e1rez, Oax., a 9 de enero del 2021.- El Consejo Estatal del PRD en Oaxaca convoc\u00f3 a sesi\u00f3n extraordinaria para analizar las decisiones del presidente de la Direcci\u00f3n Ejecutiva Estatal, Jos\u00e9 Julio Antonio Aquino y su permanencia en el cargo.<\/p>\n\n\n\n<p>Lo anterior por el \u201cfranco desacato al acuerdo determinado por este Consejo como m\u00e1ximo \u00f3rgano de decisi\u00f3n de la no alianza con el PRI de cara a los pr\u00f3ximos comicios electorales\u201d, indic\u00f3 el presidente de la Mesa Directiva del Consejo Estatal, Palem\u00f3n Gregorio Bautista.<\/p>\n\n\n\n<p>En un comunicado, detall\u00f3 que la sesi\u00f3n se celebrar\u00e1 el pr\u00f3ximo 10 de enero del presente a\u00f1o a las 10:00 horas, a trav\u00e9s de videoconferencia.<\/p>\n\n\n\n<p>Expuso que las expresiones pol\u00edtica ADN, Nueva Izquierda, Foro Nuevo Sol, Galileos y C\u00edvicos participar\u00e1n en este Consejo donde se revisar\u00e1 la actuaci\u00f3n de Antonio Aquino y en su caso proceder a la remoci\u00f3n del presidente de la Direcci\u00f3n&nbsp; Ejecutivo Estatal.<\/p>\n\n\n\n<p>Enfatiz\u00f3 que la imposici\u00f3n de una alianza abierta con el PRI y PAN, es una propuesta opuesta a los estatutos ideol\u00f3gicos y la historia de lucha por una izquierda democr\u00e1tica.<\/p>\n\n\n\n<p>\u201cEl PRD en Oaxaca est\u00e1 abierto a las alianzas congruentes que fortalezcan nuestra lucha pol\u00edtica y consoliden la participaci\u00f3n de los sectores sociales de Oaxaca. No estamos dispuestos a solapar acciones que antepongan acuerdos con intereses particulares y por ello hemos desechado por mayor\u00eda una alianza que no avala y considera la opini\u00f3n de la militancia\u201d, afirm\u00f3.<\/p>\n","protected":false},"excerpt":{"rendered":"<p>Redacci\u00f3n\/Zona Roja. Oaxaca de Ju\u00e1rez, Oax., a 9 de enero del 2021.- El Consejo Estatal&hellip;<\/p>\n","protected":false},"author":2,"featured_media":22215,"comment_status":"closed","ping_status":"open","sticky":false,"template":"","format":"standard","meta":{"_lmt_disableupdate":"","_lmt_disable":"","_jetpack_memberships_contains_paid_content":false,"footnotes":""},"categories":[109,47],"tags":[2353],"class_list":["post-22214","post","type-post","status-publish","format-standard","has-post-thumbnail","hentry","category-minuto-a-minuto","category-zona-gris","tag-jose-julio-antonio-aquino"],"jetpack_featured_media_url":"https:\/\/zonaroja.com.mx\/wp-content\/uploads\/2021\/01\/Palemon-Gregorio-Bautista.jpg","jetpack_sharing_enabled":true,"_links":{"self":[{"href":"https:\/\/zonaroja.com.mx\/index.php?rest_route=\/wp\/v2\/posts\/22214","targetHints":{"allow":["GET"]}}],"collection":[{"href":"https:\/\/zonaroja.com.mx\/index.php?rest_route=\/wp\/v2\/posts"}],"about":[{"href":"https:\/\/zonaroja.com.mx\/index.php?rest_route=\/wp\/v2\/types\/post"}],"author":[{"embeddable":true,"href":"https:\/\/zonaroja.com.mx\/index.php?rest_route=\/wp\/v2\/users\/2"}],"replies":[{"embeddable":true,"href":"https:\/\/zonaroja.com.mx\/index.php?rest_route=%2Fwp%2Fv2%2Fcomments&post=22214"}],"version-history":[{"count":1,"href":"https:\/\/zonaroja.com.mx\/index.php?rest_route=\/wp\/v2\/posts\/22214\/revisions"}],"predecessor-version":[{"id":22216,"href":"https:\/\/zonaroja.com.mx\/index.php?rest_route=\/wp\/v2\/posts\/22214\/revisions\/22216"}],"wp:featuredmedia":[{"embeddable":true,"href":"https:\/\/zonaroja.com.mx\/index.php?rest_route=\/wp\/v2\/media\/22215"}],"wp:attachment":[{"href":"https:\/\/zonaroja.com.mx\/index.php?rest_route=%2Fwp%2Fv2%2Fmedia&parent=22214"}],"wp:term":[{"taxonomy":"category","embeddable":true,"href":"https:\/\/zonaroja.com.mx\/index.php?rest_route=%2Fwp%2Fv2%2Fcategories&post=22214"},{"taxonomy":"post_tag","embeddable":true,"href":"https:\/\/zonaroja.com.mx\/index.php?rest_route=%2Fwp%2Fv2%2Ftags&post=22214"}],"curies":[{"name":"wp","href":"https:\/\/api.w.org\/{rel}","templated":true}]}}