{"id":22217,"date":"2021-01-09T08:48:22","date_gmt":"2021-01-09T14:48:22","guid":{"rendered":"http:\/\/www.zonaroja.com.mx\/?p=22217"},"modified":"2021-01-09T08:48:29","modified_gmt":"2021-01-09T14:48:29","slug":"busca-diputada-defensa-de-derechos-electorales-de-pueblos-indigenas-y-afromexicano","status":"publish","type":"post","link":"https:\/\/zonaroja.com.mx\/?p=22217","title":{"rendered":"Busca diputada defensa de derechos electorales de pueblos ind\u00edgenas y afromexicano"},"content":{"rendered":"\n<p>Redacci\u00f3n\/Zona Roja.<\/p>\n\n\n\n<p>Oaxaca de Ju\u00e1rez, Oax., 9 de enero de 2021.- En la b\u00fasqueda por afianzar y proteger los derechos de los pueblos, comunidades ind\u00edgenas y afromexicanas en la entidad, la diputada, Elisa Zepeda Lagunas, integrante del Grupo Parlamentario de Morena en el Congreso local, emiti\u00f3 una propuesta de ley para crear una Defensor\u00eda P\u00fablica en la materia.<\/p>\n\n\n\n<p>Se trata de una modificaci\u00f3n al Art\u00edculo 114 Bis a la Constituci\u00f3n Pol\u00edtica local, para establecer la creaci\u00f3n de la Defensor\u00eda Publica Electoral para los Pueblos y Comunidades Ind\u00edgenas y Afromexicanas del Estado de Oaxaca que respalde en la materia a los pueblos ind\u00edgenas y afromexicano y que trabaje de la mano con el Tribunal Estatal Electoral del Estado (TEEO).<\/p>\n\n\n\n<p>Este organismo tendr\u00e1 como funci\u00f3n espec\u00edfica prestar, gratuitamente, los servicios de defensa y asesor\u00eda a favor de los pueblos, comunidades ind\u00edgenas y afromexicanas o alguna de las personas que lo integren, garantizando que el derecho pol\u00edtico-electoral de este sector sea protegido y respetado.<\/p>\n\n\n\n<p>De esta manera la congresista busca que los 417 municipios de Oaxaca que se rigen bajo Sistemas Normativos Internos, resulten beneficiados durante los procesos electorales de sus comunidades.<\/p>\n\n\n\n<p>El funcionamiento de dicho organismo deber\u00e1 atender los principios de paridad de g\u00e9nero e igualdad real de oportunidades, por lo que los nombramientos ser\u00e1n resueltos por el Pleno Tribunal Estatal Electoral de Oaxaca.<\/p>\n","protected":false},"excerpt":{"rendered":"<p>Redacci\u00f3n\/Zona Roja. Oaxaca de Ju\u00e1rez, Oax., 9 de enero de 2021.- En la b\u00fasqueda por&hellip;<\/p>\n","protected":false},"author":2,"featured_media":22218,"comment_status":"closed","ping_status":"open","sticky":false,"template":"","format":"standard","meta":{"_lmt_disableupdate":"","_lmt_disable":"","_jetpack_memberships_contains_paid_content":false,"footnotes":""},"categories":[109,46],"tags":[215],"class_list":["post-22217","post","type-post","status-publish","format-standard","has-post-thumbnail","hentry","category-minuto-a-minuto","category-zona-blanca","tag-elisa-zepeda-lagunas"],"jetpack_featured_media_url":"https:\/\/zonaroja.com.mx\/wp-content\/uploads\/2021\/01\/Elisa-Zepeda-Lagunas.jpg","jetpack_sharing_enabled":true,"_links":{"self":[{"href":"https:\/\/zonaroja.com.mx\/index.php?rest_route=\/wp\/v2\/posts\/22217","targetHints":{"allow":["GET"]}}],"collection":[{"href":"https:\/\/zonaroja.com.mx\/index.php?rest_route=\/wp\/v2\/posts"}],"about":[{"href":"https:\/\/zonaroja.com.mx\/index.php?rest_route=\/wp\/v2\/types\/post"}],"author":[{"embeddable":true,"href":"https:\/\/zonaroja.com.mx\/index.php?rest_route=\/wp\/v2\/users\/2"}],"replies":[{"embeddable":true,"href":"https:\/\/zonaroja.com.mx\/index.php?rest_route=%2Fwp%2Fv2%2Fcomments&post=22217"}],"version-history":[{"count":1,"href":"https:\/\/zonaroja.com.mx\/index.php?rest_route=\/wp\/v2\/posts\/22217\/revisions"}],"predecessor-version":[{"id":22219,"href":"https:\/\/zonaroja.com.mx\/index.php?rest_route=\/wp\/v2\/posts\/22217\/revisions\/22219"}],"wp:featuredmedia":[{"embeddable":true,"href":"https:\/\/zonaroja.com.mx\/index.php?rest_route=\/wp\/v2\/media\/22218"}],"wp:attachment":[{"href":"https:\/\/zonaroja.com.mx\/index.php?rest_route=%2Fwp%2Fv2%2Fmedia&parent=22217"}],"wp:term":[{"taxonomy":"category","embeddable":true,"href":"https:\/\/zonaroja.com.mx\/index.php?rest_route=%2Fwp%2Fv2%2Fcategories&post=22217"},{"taxonomy":"post_tag","embeddable":true,"href":"https:\/\/zonaroja.com.mx\/index.php?rest_route=%2Fwp%2Fv2%2Ftags&post=22217"}],"curies":[{"name":"wp","href":"https:\/\/api.w.org\/{rel}","templated":true}]}}