{"id":2222,"date":"2019-07-13T09:59:53","date_gmt":"2019-07-13T14:59:53","guid":{"rendered":"http:\/\/www.zonaroja.com.mx\/?p=2222"},"modified":"2019-07-13T10:07:35","modified_gmt":"2019-07-13T15:07:35","slug":"edil-morenista-pretende-llenar-de-ambulantes-santa-lucia-del-camino","status":"publish","type":"post","link":"https:\/\/zonaroja.com.mx\/?p=2222","title":{"rendered":"Edil morenista pretende llenar de ambulantes Santa Luc\u00eda del Camino"},"content":{"rendered":"\n<p>Redacci\u00f3n<\/p>\n\n\n\n<p>Santa Luc\u00eda\ndel Camino, Oax., Dante Monta\u00f1o, presidente municipal de Santa Luc\u00eda del\nCamino, surgido del Partido Morena, pretende llenar la municipalidad con\nvendedores ambulantes, denunciaron vecinos.<\/p>\n\n\n\n<p>La ma\u00f1ana de\neste s\u00e1bado, un centenar de habitantes de la colonia El Baj\u00edo, bloquea la\navenida L\u00e1zaro C\u00e1rdenas, frente al Centro Cultural y de Convenciones, para\nimpedir la llegada del comercio informal en la zona.<\/p>\n\n\n\n<p>De acuerdo\ncon el presidente de los colonos, Leonel Cort\u00e9s, el edil morenista pretende\ncolocar al menos 50 puestos principalmente en la calle Tamiahua, lo cual\ncomplicar\u00eda no solamente la circulaci\u00f3n vial, sino tambi\u00e9n el aumento de la\nbasura.<\/p>\n\n\n\n<p>Asimismo, habr\u00eda\nincremento de la inseguridad, como lo ha padecido esa zona, y la contaminaci\u00f3n.<\/p>\n\n\n\n<p>Lament\u00f3 que hasta el momento ninguna autoridad se les haya acercado para entablar el di\u00e1logo; el edil Dante Mota\u00f1o no ha mostrado inter\u00e9s para atender a los vecinos, dijo.<\/p>\n\n\n\n<p>Los vecinos pidieron tambi\u00e9n la intervenci\u00f3n del gobernador Alejandro Murat Hinojosa para impedir que la zona se llene de comercio informal.<\/p>\n\n\n\n<p>El Centro Cultural y de Convenciones ser\u00e1 sede de la Feria del Mezcal, as\u00ed como de diversos espect\u00e1culos, a partir de la pr\u00f3xima semana, en el marco de la Guelaguetza 2019.<\/p>\n\n\n\n<figure class=\"wp-block-embed-twitter wp-block-embed is-type-rich is-provider-twitter\"><div class=\"wp-block-embed__wrapper\">\n<div class=\"twitter-tweet\"><blockquote class=\"twitter-tweet\" data-lang=\"es\"><p lang=\"es\" dir=\"ltr\"><a href=\"https:\/\/twitter.com\/hashtag\/ENVIVO?src=hash&amp;ref_src=twsrc%5Etfw\">#ENVIVO<\/a><br>Santa Luc\u00eda del Camino, Oax. <br>Habitantes de la colonia El Baj\u00edo cierran la avenida L\u00e1zaro C\u00e1rdenas, frente al Centro de Convenciones, en protesta por posible instalaci\u00f3n de vendedores ambulantes. <br>\ud83d\udc47<a href=\"https:\/\/t.co\/gBGDm993XB\">https:\/\/t.co\/gBGDm993XB<\/a> <a href=\"https:\/\/t.co\/HxqyLeNH9u\">pic.twitter.com\/HxqyLeNH9u<\/a><\/p>&mdash; Zona Roja Oaxaca (@MexRoja) <a href=\"https:\/\/twitter.com\/MexRoja\/status\/1150037595575005184?ref_src=twsrc%5Etfw\">13 de julio de 2019<\/a><\/blockquote><\/div>\n<\/div><\/figure>\n","protected":false},"excerpt":{"rendered":"<p>Redacci\u00f3n Santa Luc\u00eda del Camino, Oax., Dante Monta\u00f1o, presidente municipal de Santa Luc\u00eda del Camino,&hellip;<\/p>\n","protected":false},"author":2,"featured_media":2223,"comment_status":"closed","ping_status":"open","sticky":false,"template":"","format":"standard","meta":{"_lmt_disableupdate":"","_lmt_disable":"","_jetpack_memberships_contains_paid_content":false,"footnotes":""},"categories":[109,47],"tags":[337],"class_list":["post-2222","post","type-post","status-publish","format-standard","has-post-thumbnail","hentry","category-minuto-a-minuto","category-zona-gris","tag-santa-lucia-del-camino"],"jetpack_featured_media_url":"https:\/\/zonaroja.com.mx\/wp-content\/uploads\/2019\/07\/57b0a7cf-cee3-4897-af03-efde99268625.jpg","jetpack_sharing_enabled":true,"_links":{"self":[{"href":"https:\/\/zonaroja.com.mx\/index.php?rest_route=\/wp\/v2\/posts\/2222","targetHints":{"allow":["GET"]}}],"collection":[{"href":"https:\/\/zonaroja.com.mx\/index.php?rest_route=\/wp\/v2\/posts"}],"about":[{"href":"https:\/\/zonaroja.com.mx\/index.php?rest_route=\/wp\/v2\/types\/post"}],"author":[{"embeddable":true,"href":"https:\/\/zonaroja.com.mx\/index.php?rest_route=\/wp\/v2\/users\/2"}],"replies":[{"embeddable":true,"href":"https:\/\/zonaroja.com.mx\/index.php?rest_route=%2Fwp%2Fv2%2Fcomments&post=2222"}],"version-history":[{"count":2,"href":"https:\/\/zonaroja.com.mx\/index.php?rest_route=\/wp\/v2\/posts\/2222\/revisions"}],"predecessor-version":[{"id":2225,"href":"https:\/\/zonaroja.com.mx\/index.php?rest_route=\/wp\/v2\/posts\/2222\/revisions\/2225"}],"wp:featuredmedia":[{"embeddable":true,"href":"https:\/\/zonaroja.com.mx\/index.php?rest_route=\/wp\/v2\/media\/2223"}],"wp:attachment":[{"href":"https:\/\/zonaroja.com.mx\/index.php?rest_route=%2Fwp%2Fv2%2Fmedia&parent=2222"}],"wp:term":[{"taxonomy":"category","embeddable":true,"href":"https:\/\/zonaroja.com.mx\/index.php?rest_route=%2Fwp%2Fv2%2Fcategories&post=2222"},{"taxonomy":"post_tag","embeddable":true,"href":"https:\/\/zonaroja.com.mx\/index.php?rest_route=%2Fwp%2Fv2%2Ftags&post=2222"}],"curies":[{"name":"wp","href":"https:\/\/api.w.org\/{rel}","templated":true}]}}