{"id":22226,"date":"2021-01-09T14:55:07","date_gmt":"2021-01-09T20:55:07","guid":{"rendered":"http:\/\/www.zonaroja.com.mx\/?p=22226"},"modified":"2021-01-09T14:55:11","modified_gmt":"2021-01-09T20:55:11","slug":"responsabilizan-a-delegado-de-bienestar-de-conflictos-xochiltepec-textitlan","status":"publish","type":"post","link":"https:\/\/zonaroja.com.mx\/?p=22226","title":{"rendered":"Responsabilizan a delegado de Bienestar de conflictos Xochiltepec-Textitl\u00e1n"},"content":{"rendered":"\n<p>Evlin Arag\u00f3n\/Zona Roja.<\/p>\n\n\n\n<p>Oaxaca de Ju\u00e1rez, Oax., 9 de enero de 2021.- Pobladores de Santiago Xochiltepec denunciaron a Rubel Salinas V\u00e1squez, subdelegado regional de los Programas Integrales Bienestar del gobierno federal, como principal responsable de la violencia que a\u00fan se vive en la zona, luego del ataque armado que se registr\u00f3 el 20 de diciembre del 2020.&nbsp;<\/p>\n\n\n\n<p>\u201c#Rubelsalinas y es una persona que con recursos y conocimientos est\u00e1 apoyando a su municipio de Santiago Textitlan, particip\u00f3 vil y cobardemente en el ataque armado en contra de Santiago Xochiltepec. Lo denunciamos p\u00fablicamente ya que al ser servidor de la naci\u00f3n y estar realizando actividades de violencia denigra a su partido&#8230;\u201d, refieren a trav\u00e9s de la p\u00e1gina de Facebook Santiago Xochiltepec Oficial.&nbsp;<\/p>\n\n\n\n<p>De ah\u00ed que solicitaron la renuncia inmediata del funcionario, a quien acusan de aprovecharse de los recursos p\u00fablicos para incitar la violencia en la zona, que adem\u00e1s dio como resultado el desplazamiento forzado de ni\u00f1as, ni\u00f1os, mujeres y ni\u00f1os de Xochiltepec.<\/p>\n\n\n\n<p>\u201cSolicitamos a sus dirigentes la renuncia p\u00fablica #Rubelsalinas y pido a todas las personas al que les llegue esta publicaci\u00f3n compartirlo para que no haya m\u00e1s corrupci\u00f3n y no m\u00e1s violencia&#8230; #AlejandroMuratHinojosa #AndresManuelLopezObrador #MORENA2021 exigimos la renuncia de RUBEL SALINAS VASQUEZ\u2026\u201d, sentenciaron.&nbsp;<\/p>\n\n\n\n<p>La acusaci\u00f3n no es nueva, ya que desde el 25 de diciembre autoridades comunales y auxiliares electas de Santiago Xochiltepec arribaron a la capital de Oaxaca para responsabilizar a pobladores de Santa Mar\u00eda Zaniza de actuar en contubernio con Santiago Textitl\u00e1n, as\u00ed como denunciaron la intervenci\u00f3n de actores pol\u00edticos como Rubel Salinas V\u00e1squez y el diputado Timoteo V\u00e1squez Cruz.&nbsp;<\/p>\n\n\n\n<p>\u201cNo dudamos que el ataque fuera preparado desde semanas antes, que fueron ubicados dos drones, Rubel Salinas inici\u00f3 el proceso de espionaje a nuestra comunidad, tres semanas antes de este ataque. Lo planearon, lo trabajaron, es claro que as\u00ed fue\u201d, refirieron en aquella ocasi\u00f3n.&nbsp;<\/p>\n\n\n\n<p>A trav\u00e9s de sus redes sociales, denunciaron tambi\u00e9n que la poblaci\u00f3n sigue siendo v\u00edctima del desplazamiento forzado y que, a casi 20 d\u00edas de los hechos, se mantienen a la espera de lograr acuerdos con las autoridades de los tres niveles de gobiernos que permitan el regreso de la paz a la zona.<\/p>\n\n\n\n<p>\u201cNi\u00f1ez del pueblo de Xochiltepec, sufre desplazamiento forzado por ataque armado del municipio de Santiago Textitlan&#8230; A pesar de contar con pocos elementos de polic\u00eda estatal en la zona, las personas no se encuentran seguras hasta que se logre tener un resguardo permanente de las fuerzas armadas&#8230; Seguimos en espera de lograr un acuerdo con los niveles de gobierno. #Oaxaca #NoMasViolencia #SantiagoXochiltepec #AlejandroMurat #JusticiaParaXochiltepec\u201d.&nbsp;<\/p>\n","protected":false},"excerpt":{"rendered":"<p>Evlin Arag\u00f3n\/Zona Roja. Oaxaca de Ju\u00e1rez, Oax., 9 de enero de 2021.- Pobladores de Santiago&hellip;<\/p>\n","protected":false},"author":2,"featured_media":22227,"comment_status":"closed","ping_status":"open","sticky":false,"template":"","format":"standard","meta":{"_lmt_disableupdate":"","_lmt_disable":"","_jetpack_memberships_contains_paid_content":false,"footnotes":""},"categories":[109,47],"tags":[2307],"class_list":["post-22226","post","type-post","status-publish","format-standard","has-post-thumbnail","hentry","category-minuto-a-minuto","category-zona-gris","tag-santiago-xochiltepec"],"jetpack_featured_media_url":"https:\/\/zonaroja.com.mx\/wp-content\/uploads\/2021\/01\/Rubel-Salinas.jpg","jetpack_sharing_enabled":true,"_links":{"self":[{"href":"https:\/\/zonaroja.com.mx\/index.php?rest_route=\/wp\/v2\/posts\/22226","targetHints":{"allow":["GET"]}}],"collection":[{"href":"https:\/\/zonaroja.com.mx\/index.php?rest_route=\/wp\/v2\/posts"}],"about":[{"href":"https:\/\/zonaroja.com.mx\/index.php?rest_route=\/wp\/v2\/types\/post"}],"author":[{"embeddable":true,"href":"https:\/\/zonaroja.com.mx\/index.php?rest_route=\/wp\/v2\/users\/2"}],"replies":[{"embeddable":true,"href":"https:\/\/zonaroja.com.mx\/index.php?rest_route=%2Fwp%2Fv2%2Fcomments&post=22226"}],"version-history":[{"count":1,"href":"https:\/\/zonaroja.com.mx\/index.php?rest_route=\/wp\/v2\/posts\/22226\/revisions"}],"predecessor-version":[{"id":22228,"href":"https:\/\/zonaroja.com.mx\/index.php?rest_route=\/wp\/v2\/posts\/22226\/revisions\/22228"}],"wp:featuredmedia":[{"embeddable":true,"href":"https:\/\/zonaroja.com.mx\/index.php?rest_route=\/wp\/v2\/media\/22227"}],"wp:attachment":[{"href":"https:\/\/zonaroja.com.mx\/index.php?rest_route=%2Fwp%2Fv2%2Fmedia&parent=22226"}],"wp:term":[{"taxonomy":"category","embeddable":true,"href":"https:\/\/zonaroja.com.mx\/index.php?rest_route=%2Fwp%2Fv2%2Fcategories&post=22226"},{"taxonomy":"post_tag","embeddable":true,"href":"https:\/\/zonaroja.com.mx\/index.php?rest_route=%2Fwp%2Fv2%2Ftags&post=22226"}],"curies":[{"name":"wp","href":"https:\/\/api.w.org\/{rel}","templated":true}]}}