{"id":22229,"date":"2021-01-09T15:08:35","date_gmt":"2021-01-09T21:08:35","guid":{"rendered":"http:\/\/www.zonaroja.com.mx\/?p=22229"},"modified":"2021-01-09T15:57:18","modified_gmt":"2021-01-09T21:57:18","slug":"enfrentamiento-entre-pobladores-de-san-francisco-del-mar-culpan-a-alcaldesa","status":"publish","type":"post","link":"https:\/\/zonaroja.com.mx\/?p=22229","title":{"rendered":"Enfrentamiento entre pobladores de San Dionisio del Mar; culpan a alcaldesa"},"content":{"rendered":"\n<p class=\"MsoNormal\">Yuridiana Sosa\/Zona Roja. <\/p>\n\n\n\n<p class=\"MsoNormal\">Oaxaca de Ju\u00e1rez, Oax., 9 de enero de 2021.- La renovaci\u00f3n de autoridades auxiliares en el municipio de San Dionisio del Mar culmin\u00f3 en un enfrentamiento entre pobladores y funcionarios p\u00fablicos del gobierno municipal, en la regi\u00f3n del Istmo.<\/p>\n\n\n\n<p class=\"MsoNormal\">Habitantes de la agencia de Pueblo Viejo denunciaron que la gresca fue dirigida por la presidenta del Consejo Municipal de San Dionisio del Mar, Magali Mart\u00ednez G\u00f3mez, al tratar de imponer a personas de su confianza.<\/p>\n\n\n\n<p class=\"MsoNormal\">A trav\u00e9s de un comunicado, la poblaci\u00f3n de Pueblo Viejo demand\u00f3 la intervenci\u00f3n de la Fiscal\u00eda General de Oaxaca, as\u00ed como la destituci\u00f3n del cargo de la presidenta del Consejo de San Dionisio, Magali Mart\u00ednez.<\/p>\n\n\n\n<p class=\"MsoNormal\">Los inconformes detallaron que Mart\u00ednez G\u00f3mez envi\u00f3 a su consejero de Obra, Eray Garc\u00eda Rivera, as\u00ed como a la representante del DIF, Nelly Mart\u00ednez G\u00f3mez, y al comandante de Polic\u00eda, quienes originaron el conflicto. <\/p>\n\n\n\n<p class=\"MsoNormal\">Indicaron que la presidenta insisti\u00f3 en imponer a su agente municipal sin consultar en una asamblea comunitaria. Ante la inconformidad de la poblaci\u00f3n, se pidi\u00f3 a los funcionarios municipales se retiraran de la isla.<\/p>\n\n\n\n<p class=\"MsoNormal\">El pasado 13 de noviembre de 2020 culmin\u00f3 el primer periodo de gobierno del Consejo Municipal de San Dionisio del Mar. Para el segundo periodo fue electa Magaly Mart\u00ednez G\u00f3mez. <\/p>\n","protected":false},"excerpt":{"rendered":"<p>Yuridiana Sosa\/Zona Roja. Oaxaca de Ju\u00e1rez, Oax., 9 de enero de 2021.- La renovaci\u00f3n de&hellip;<\/p>\n","protected":false},"author":2,"featured_media":22230,"comment_status":"closed","ping_status":"open","sticky":false,"template":"","format":"standard","meta":{"_lmt_disableupdate":"","_lmt_disable":"","_jetpack_memberships_contains_paid_content":false,"footnotes":""},"categories":[109,47],"tags":[954],"class_list":["post-22229","post","type-post","status-publish","format-standard","has-post-thumbnail","hentry","category-minuto-a-minuto","category-zona-gris","tag-san-francisco-del-mar"],"jetpack_featured_media_url":"https:\/\/zonaroja.com.mx\/wp-content\/uploads\/2021\/01\/San-Francisco-del-Mar.jpg","jetpack_sharing_enabled":true,"_links":{"self":[{"href":"https:\/\/zonaroja.com.mx\/index.php?rest_route=\/wp\/v2\/posts\/22229","targetHints":{"allow":["GET"]}}],"collection":[{"href":"https:\/\/zonaroja.com.mx\/index.php?rest_route=\/wp\/v2\/posts"}],"about":[{"href":"https:\/\/zonaroja.com.mx\/index.php?rest_route=\/wp\/v2\/types\/post"}],"author":[{"embeddable":true,"href":"https:\/\/zonaroja.com.mx\/index.php?rest_route=\/wp\/v2\/users\/2"}],"replies":[{"embeddable":true,"href":"https:\/\/zonaroja.com.mx\/index.php?rest_route=%2Fwp%2Fv2%2Fcomments&post=22229"}],"version-history":[{"count":2,"href":"https:\/\/zonaroja.com.mx\/index.php?rest_route=\/wp\/v2\/posts\/22229\/revisions"}],"predecessor-version":[{"id":22235,"href":"https:\/\/zonaroja.com.mx\/index.php?rest_route=\/wp\/v2\/posts\/22229\/revisions\/22235"}],"wp:featuredmedia":[{"embeddable":true,"href":"https:\/\/zonaroja.com.mx\/index.php?rest_route=\/wp\/v2\/media\/22230"}],"wp:attachment":[{"href":"https:\/\/zonaroja.com.mx\/index.php?rest_route=%2Fwp%2Fv2%2Fmedia&parent=22229"}],"wp:term":[{"taxonomy":"category","embeddable":true,"href":"https:\/\/zonaroja.com.mx\/index.php?rest_route=%2Fwp%2Fv2%2Fcategories&post=22229"},{"taxonomy":"post_tag","embeddable":true,"href":"https:\/\/zonaroja.com.mx\/index.php?rest_route=%2Fwp%2Fv2%2Ftags&post=22229"}],"curies":[{"name":"wp","href":"https:\/\/api.w.org\/{rel}","templated":true}]}}