{"id":22236,"date":"2021-01-09T18:56:16","date_gmt":"2021-01-10T00:56:16","guid":{"rendered":"http:\/\/www.zonaroja.com.mx\/?p=22236"},"modified":"2021-01-09T18:56:22","modified_gmt":"2021-01-10T00:56:22","slug":"ante-incremento-de-casos-comunidades-serranas-vuelvan-a-reforzar-medida-anticovid","status":"publish","type":"post","link":"https:\/\/zonaroja.com.mx\/?p=22236","title":{"rendered":"Ante incremento de casos, comunidades serranas vuelvan a reforzar medida anticovid"},"content":{"rendered":"\n<p>Yuridiana Sosa\/Zona Roja.<\/p>\n\n\n\n<p>Oaxaca de Ju\u00e1rez, Oax., 9 de enero de 2021.- Frente al incremento en el n\u00famero de contagios de Covid-19 en Oaxaca, el ayuntamiento de Villa Hidalgo Yalalag, en la regi\u00f3n Sierra Norte, acord\u00f3 implementar filtros y medidas sanitarias para evitar la propagaci\u00f3n de casos en sus localidades.<\/p>\n\n\n\n<p>A partir del pasado 6 de enero se instalaron filtros sanitarios en la entrada de la comunidad, a trav\u00e9s del cual se constata que el habitante que ingrese deber\u00e1 portar obligatoriamente el cubrebocas, as\u00ed como durante su estancia.<\/p>\n\n\n\n<p>La autoridad determin\u00f3 que se prohibir\u00edan los visitas por parte de los paisanos radicados fuera de su poblaci\u00f3n, ya sea en la misma entidad, como en cualquier parte de la Rep\u00fablica Mexicana y extranjeros.<\/p>\n\n\n\n<p>En caso de una visita de urgencia, deber\u00e1 notificarlo antes, con el fin de ser responsables para salvaguardar el bienestar de la poblaci\u00f3n y evitar propagaci\u00f3n del virus.<\/p>\n\n\n\n<p>Para que se cumpla el uso del cubrebocas y respetar la sana distancia, polic\u00edas municipales realizar\u00e1n acciones de vigilancia y quienes incumplan ser\u00e1n sancionados con una multa de 500 pesos.<\/p>\n\n\n\n<p>La autoridad municipal de Villa Hidalgo Yalalag inform\u00f3 sobre estas acciones por medio de un acta de acuerdo que difundi\u00f3.<\/p>\n\n\n\n<p>Tambi\u00e9n refuerza sus medidas contra el Covid-19 la comunidad de San Crist\u00f3bal Lachirioag y San Andr\u00e9s Solaga, del mismo distrito de Villa Alta. Las autoridades de Lachirioag tambi\u00e9n levant\u00f3 una alerta a su comunidad por el incremento de casos que poco a poco alcanza a las comunidades alejadas.<\/p>\n","protected":false},"excerpt":{"rendered":"<p>Yuridiana Sosa\/Zona Roja. Oaxaca de Ju\u00e1rez, Oax., 9 de enero de 2021.- Frente al incremento&hellip;<\/p>\n","protected":false},"author":2,"featured_media":22237,"comment_status":"closed","ping_status":"open","sticky":false,"template":"","format":"standard","meta":{"_lmt_disableupdate":"","_lmt_disable":"","_jetpack_memberships_contains_paid_content":false,"footnotes":""},"categories":[109,47],"tags":[2356],"class_list":["post-22236","post","type-post","status-publish","format-standard","has-post-thumbnail","hentry","category-minuto-a-minuto","category-zona-gris","tag-villa-hidalgo-yalalag"],"jetpack_featured_media_url":"https:\/\/zonaroja.com.mx\/wp-content\/uploads\/2021\/01\/Villa-Hidalgo-Yalalag.jpg","jetpack_sharing_enabled":true,"_links":{"self":[{"href":"https:\/\/zonaroja.com.mx\/index.php?rest_route=\/wp\/v2\/posts\/22236","targetHints":{"allow":["GET"]}}],"collection":[{"href":"https:\/\/zonaroja.com.mx\/index.php?rest_route=\/wp\/v2\/posts"}],"about":[{"href":"https:\/\/zonaroja.com.mx\/index.php?rest_route=\/wp\/v2\/types\/post"}],"author":[{"embeddable":true,"href":"https:\/\/zonaroja.com.mx\/index.php?rest_route=\/wp\/v2\/users\/2"}],"replies":[{"embeddable":true,"href":"https:\/\/zonaroja.com.mx\/index.php?rest_route=%2Fwp%2Fv2%2Fcomments&post=22236"}],"version-history":[{"count":1,"href":"https:\/\/zonaroja.com.mx\/index.php?rest_route=\/wp\/v2\/posts\/22236\/revisions"}],"predecessor-version":[{"id":22238,"href":"https:\/\/zonaroja.com.mx\/index.php?rest_route=\/wp\/v2\/posts\/22236\/revisions\/22238"}],"wp:featuredmedia":[{"embeddable":true,"href":"https:\/\/zonaroja.com.mx\/index.php?rest_route=\/wp\/v2\/media\/22237"}],"wp:attachment":[{"href":"https:\/\/zonaroja.com.mx\/index.php?rest_route=%2Fwp%2Fv2%2Fmedia&parent=22236"}],"wp:term":[{"taxonomy":"category","embeddable":true,"href":"https:\/\/zonaroja.com.mx\/index.php?rest_route=%2Fwp%2Fv2%2Fcategories&post=22236"},{"taxonomy":"post_tag","embeddable":true,"href":"https:\/\/zonaroja.com.mx\/index.php?rest_route=%2Fwp%2Fv2%2Ftags&post=22236"}],"curies":[{"name":"wp","href":"https:\/\/api.w.org\/{rel}","templated":true}]}}