{"id":22242,"date":"2021-01-09T19:46:20","date_gmt":"2021-01-10T01:46:20","guid":{"rendered":"http:\/\/www.zonaroja.com.mx\/?p=22242"},"modified":"2021-01-09T19:51:19","modified_gmt":"2021-01-10T01:51:19","slug":"hoy-ustedes-son-nuestros-angeles-dice-sobreviviente-de-covid-a-al-hraeo","status":"publish","type":"post","link":"https:\/\/zonaroja.com.mx\/?p=22242","title":{"rendered":"\u201cHoy ustedes son nuestros \u00e1ngeles\u201d, dice sobreviviente de Covid al HRAEO"},"content":{"rendered":"\n<p>Evlin Arag\u00f3n\/Zona Roja.<\/p>\n\n\n\n<p>Oaxaca de Ju\u00e1rez, Oax., 9 de enero de 2021.- Hace poco m\u00e1s de cinco meses, Eliseo dio positivo al Covid-19; sus s\u00edntomas se hicieron evidentes y cada vez m\u00e1s intensos, por lo que tuvo que ser internado en el Hospital Regional de Alta Especialidad de Oaxaca (HRAEO), en donde permaneci\u00f3 por m\u00e1s de un mes.&nbsp;<\/p>\n\n\n\n<p>De acuerdo con su testimonio, durante el tiempo que requiri\u00f3 la atenci\u00f3n m\u00e9dica al interior del nosocomio, recibi\u00f3 un trato profesional, \u00e9tico y humano por parte del personal, que desde nueve meses se juega la vida al mantenerse en la primera l\u00ednea de combate a la pandemia de SARS-CoV-2.<\/p>\n\n\n\n<p>Por ello, recientemente dedic\u00f3 una carta de agradecimiento a quienes con su empe\u00f1o diario le salvaron la vida y lo convirtieron en un sobreviviente de la enfermedad que ha cobrado la vida de dos mil 186 personas.&nbsp;<\/p>\n\n\n\n<p>\u201cHoy que he recuperado mi salud, me dirijo a su persona para que sea el medio de hacer llegar a todo su personal, mis m\u00e1s infinitas gracias por tan grande labor que hicieron para conmigo, no tengo forma en como agradecerles, m\u00e1s que escribi\u00e9ndoles estas l\u00edneas\u201d, refiere Eliseo Velasco Garc\u00eda.&nbsp;<\/p>\n\n\n\n<p>La carta dirig\u00eda a la doctora Alba V\u00e1squez Palacios, directora general del nosocomio ubicado en San Bartolo Coyotepec, reconoce la labor de todo el personal m\u00e9dico, de enfermer\u00eda, camilleros, trabajo social, de limpieza y administrativo que tiene que ver en la atenci\u00f3n de pacientes con Covid-19 y que pese al riesgo no han tirado la toalla.<\/p>\n\n\n\n<p>\u201cLe pido a Dios que los proteja y los cuide siempre, tanto a ustedes como a sus familias, porque hoy ustedes son nuestros \u00e1ngeles en la tierra y sin ustedes, muchos de nosotros ya no estuvi\u00e9ramos gozando de la grandeza de la vida como es mi caso\u201d, continu\u00f3.&nbsp;<\/p>\n\n\n\n<figure class=\"wp-block-image size-large\"><img decoding=\"async\" width=\"716\" height=\"900\" src=\"http:\/\/www.zonaroja.com.mx\/wp-content\/uploads\/2021\/01\/Carta-Eliseo.jpg\" alt=\"\" class=\"wp-image-22244\" srcset=\"https:\/\/zonaroja.com.mx\/wp-content\/uploads\/2021\/01\/Carta-Eliseo.jpg 716w, https:\/\/zonaroja.com.mx\/wp-content\/uploads\/2021\/01\/Carta-Eliseo-239x300.jpg 239w, https:\/\/zonaroja.com.mx\/wp-content\/uploads\/2021\/01\/Carta-Eliseo-585x735.jpg 585w\" sizes=\"(max-width: 716px) 100vw, 716px\" \/><\/figure>\n\n\n\n<p>As\u00ed mismo, Eliseo hizo votos para que el personal m\u00e9dico y de enfermer\u00eda sea paciente y siga salvando vidas, ante la tan dif\u00edcil situaci\u00f3n que hoy les toc\u00f3 enfrentar, sin dejar de agradecer su labor diaria que sin duda ha salvado cientos de vidas.&nbsp;<\/p>\n\n\n\n<p>La carta conmovi\u00f3 a todo el personal de HRAEO, que a trav\u00e9s de sus redes sociales agradeci\u00f3 las muestras de cari\u00f1o que les ayuda a no rendirse y seguir dando la batalla diaria, en contra del coronavirus.&nbsp;<\/p>\n\n\n\n<p>\u201cNo hay palabra que describan realmente lo agradecidos que estamos con el Equipo HRAEO. Gracias por darnos ese ejemplo de responsabilidad y de NO RENDIRNOS. Gracias, por su amor y valent\u00eda con la que enfrentan est\u00e1 crisis, gracias por arriesgar su propia vida para salvar otras\u201d, escribieron en su cuenta de Twitter @HRAEOAX.<\/p>\n\n\n\n<p>Fue el 28 de julio del 2020 que Eliseo Velasco Garc\u00eda ingres\u00f3 con s\u00edntomas de Covid-19 al hospital, en donde permaneci\u00f3 internado por espacio de un mes aproximadamente, tiempo en el cual, de acuerdo con sus palabras, fue tratado de manera sensible, humana, seria y responsable por todo el personal.<\/p>\n","protected":false},"excerpt":{"rendered":"<p>Evlin Arag\u00f3n\/Zona Roja. Oaxaca de Ju\u00e1rez, Oax., 9 de enero de 2021.- Hace poco m\u00e1s&hellip;<\/p>\n","protected":false},"author":2,"featured_media":22243,"comment_status":"closed","ping_status":"open","sticky":false,"template":"","format":"standard","meta":{"_lmt_disableupdate":"","_lmt_disable":"","_jetpack_memberships_contains_paid_content":false,"footnotes":""},"categories":[109,46],"tags":[1572],"class_list":["post-22242","post","type-post","status-publish","format-standard","has-post-thumbnail","hentry","category-minuto-a-minuto","category-zona-blanca","tag-hospital-regional-de-alta-especialidad-oaxaca"],"jetpack_featured_media_url":"https:\/\/zonaroja.com.mx\/wp-content\/uploads\/2021\/01\/Medicos-Hospital-Regional-de-Especialidades.jpg","jetpack_sharing_enabled":true,"_links":{"self":[{"href":"https:\/\/zonaroja.com.mx\/index.php?rest_route=\/wp\/v2\/posts\/22242","targetHints":{"allow":["GET"]}}],"collection":[{"href":"https:\/\/zonaroja.com.mx\/index.php?rest_route=\/wp\/v2\/posts"}],"about":[{"href":"https:\/\/zonaroja.com.mx\/index.php?rest_route=\/wp\/v2\/types\/post"}],"author":[{"embeddable":true,"href":"https:\/\/zonaroja.com.mx\/index.php?rest_route=\/wp\/v2\/users\/2"}],"replies":[{"embeddable":true,"href":"https:\/\/zonaroja.com.mx\/index.php?rest_route=%2Fwp%2Fv2%2Fcomments&post=22242"}],"version-history":[{"count":2,"href":"https:\/\/zonaroja.com.mx\/index.php?rest_route=\/wp\/v2\/posts\/22242\/revisions"}],"predecessor-version":[{"id":22247,"href":"https:\/\/zonaroja.com.mx\/index.php?rest_route=\/wp\/v2\/posts\/22242\/revisions\/22247"}],"wp:featuredmedia":[{"embeddable":true,"href":"https:\/\/zonaroja.com.mx\/index.php?rest_route=\/wp\/v2\/media\/22243"}],"wp:attachment":[{"href":"https:\/\/zonaroja.com.mx\/index.php?rest_route=%2Fwp%2Fv2%2Fmedia&parent=22242"}],"wp:term":[{"taxonomy":"category","embeddable":true,"href":"https:\/\/zonaroja.com.mx\/index.php?rest_route=%2Fwp%2Fv2%2Fcategories&post=22242"},{"taxonomy":"post_tag","embeddable":true,"href":"https:\/\/zonaroja.com.mx\/index.php?rest_route=%2Fwp%2Fv2%2Ftags&post=22242"}],"curies":[{"name":"wp","href":"https:\/\/api.w.org\/{rel}","templated":true}]}}