{"id":22250,"date":"2021-01-10T08:23:00","date_gmt":"2021-01-10T14:23:00","guid":{"rendered":"http:\/\/www.zonaroja.com.mx\/?p=22250"},"modified":"2021-01-09T20:31:58","modified_gmt":"2021-01-10T02:31:58","slug":"suman-siete-fallecidos-por-covid-19-en-los-reclusorios-de-oaxaca","status":"publish","type":"post","link":"https:\/\/zonaroja.com.mx\/?p=22250","title":{"rendered":"Suman siete fallecidos por Covid-19 en los reclusorios de Oaxaca"},"content":{"rendered":"\n<p>Evlin Arag\u00f3n\/Zona Roja.<\/p>\n\n\n\n<p>Oaxaca de Ju\u00e1rez, Oax., 10 de enero de 2021.- Siete defunciones de personas privadas de su libertad se han registrado en Oaxaca, en sus diferentes c\u00e1rceles, a consecuencia del virus SARS-CoV-2 que azota al mundo, con lo cual se posiciona en el lugar n\u00famero siete de fallecimientos junto con Guerrero y Zacatecas.<\/p>\n\n\n\n<p>As\u00ed lo refieren los datos del Monitoreo Nacional en Centros Penitenciarios, realizado por la Comisi\u00f3n Nacional de Derechos Humanos (CNDH), y dado a conocer a trav\u00e9s de sus redes sociales.<\/p>\n\n\n\n<p>De acuerdo con la informaci\u00f3n y con cierre al 5 de enero, Oaxaca ha reportado 36 contagios confirmados por Covid-19 en sus diferentes penales, ubicados en todo el territorio, de los cuales siete han fallecido.<\/p>\n\n\n\n<p>Sin embargo, en el caso del Centro Federal de Readaptaci\u00f3n Social (Cefereso) n\u00famero 13 de Miahuatl\u00e1n de Porfirio D\u00edaz, hay un registro de ocho contagios y dos defunciones a consecuencia de la pandemia.<\/p>\n\n\n\n<p>La cifra ubica a Oaxaca en el lugar n\u00famero 15 en torno a los contagios de personas encarceladas, solo por debajo de Baja California Sur, Veracruz, Yucat\u00e1n, y Campeche.<\/p>\n\n\n\n<p>El documento registra un total de dos mil 988 casos confirmados al interior de los penales en toda la Rep\u00fablica, de los cuales 244 perdieron la batalla en contra del todav\u00eda mortal virus.<\/p>\n\n\n\n<p>Los estados de la Rep\u00fablica con mayor n\u00famero de casos confirmados y defunciones son: Ciudad de M\u00e9xico, Puebla, Chihuahua, Jalisco, Guanajuato, Colima, Hidalgo, Sinaloa y Sonora.<\/p>\n\n\n\n<p>Mientras que los que registran un menor n\u00famero de casos son: Coahuila y Michoac\u00e1n que no presentan ni una sola defunci\u00f3n; y Morelos, Tlaxcala y Nuevo Le\u00f3n con un solo fallecimiento en toda la contingencia.<\/p>\n","protected":false},"excerpt":{"rendered":"<p>Evlin Arag\u00f3n\/Zona Roja. Oaxaca de Ju\u00e1rez, Oax., 10 de enero de 2021.- Siete defunciones de&hellip;<\/p>\n","protected":false},"author":2,"featured_media":22251,"comment_status":"closed","ping_status":"open","sticky":false,"template":"","format":"standard","meta":{"_lmt_disableupdate":"","_lmt_disable":"","_jetpack_memberships_contains_paid_content":false,"footnotes":""},"categories":[109,47],"tags":[2358],"class_list":["post-22250","post","type-post","status-publish","format-standard","has-post-thumbnail","hentry","category-minuto-a-minuto","category-zona-gris","tag-reclusos-covid-oaxaca"],"jetpack_featured_media_url":"https:\/\/zonaroja.com.mx\/wp-content\/uploads\/2021\/01\/Internos-centro-penitenciario.jpg","jetpack_sharing_enabled":true,"_links":{"self":[{"href":"https:\/\/zonaroja.com.mx\/index.php?rest_route=\/wp\/v2\/posts\/22250","targetHints":{"allow":["GET"]}}],"collection":[{"href":"https:\/\/zonaroja.com.mx\/index.php?rest_route=\/wp\/v2\/posts"}],"about":[{"href":"https:\/\/zonaroja.com.mx\/index.php?rest_route=\/wp\/v2\/types\/post"}],"author":[{"embeddable":true,"href":"https:\/\/zonaroja.com.mx\/index.php?rest_route=\/wp\/v2\/users\/2"}],"replies":[{"embeddable":true,"href":"https:\/\/zonaroja.com.mx\/index.php?rest_route=%2Fwp%2Fv2%2Fcomments&post=22250"}],"version-history":[{"count":1,"href":"https:\/\/zonaroja.com.mx\/index.php?rest_route=\/wp\/v2\/posts\/22250\/revisions"}],"predecessor-version":[{"id":22252,"href":"https:\/\/zonaroja.com.mx\/index.php?rest_route=\/wp\/v2\/posts\/22250\/revisions\/22252"}],"wp:featuredmedia":[{"embeddable":true,"href":"https:\/\/zonaroja.com.mx\/index.php?rest_route=\/wp\/v2\/media\/22251"}],"wp:attachment":[{"href":"https:\/\/zonaroja.com.mx\/index.php?rest_route=%2Fwp%2Fv2%2Fmedia&parent=22250"}],"wp:term":[{"taxonomy":"category","embeddable":true,"href":"https:\/\/zonaroja.com.mx\/index.php?rest_route=%2Fwp%2Fv2%2Fcategories&post=22250"},{"taxonomy":"post_tag","embeddable":true,"href":"https:\/\/zonaroja.com.mx\/index.php?rest_route=%2Fwp%2Fv2%2Ftags&post=22250"}],"curies":[{"name":"wp","href":"https:\/\/api.w.org\/{rel}","templated":true}]}}