{"id":22254,"date":"2021-01-10T07:51:17","date_gmt":"2021-01-10T13:51:17","guid":{"rendered":"http:\/\/www.zonaroja.com.mx\/?p=22254"},"modified":"2021-01-10T07:51:22","modified_gmt":"2021-01-10T13:51:22","slug":"levantan-desnudan-y-tiran-cuerpo-de-un-joven-en-la-capital-de-oaxaca","status":"publish","type":"post","link":"https:\/\/zonaroja.com.mx\/?p=22254","title":{"rendered":"\u00abLevantan\u00bb, desnudan y tiran cuerpo de un joven en la capital de Oaxaca"},"content":{"rendered":"\n<p>Redacci\u00f3n\/Zona Roja.<\/p>\n\n\n\n<p>Oaxaca de Ju\u00e1rez, Oax., 10 de enero de 2021.- Un joven originario del municipio de San Jacinto Amilpas fue privado de su libertad, golpeado y tirado desnudo en las faldas del cerro San Felipe, en la ciudad de Oaxaca.<\/p>\n\n\n\n<p>Personas que hac\u00edan ejercicio en la zona, la ma\u00f1ana de ayer s\u00e1bado, dieron aviso a las autoridades del hallazgo de un cuerpo tirado entre la maleza, cerca del Libramiento Norte, en jurisdicci\u00f3n de la agencia de San Felipe del Agua.<\/p>\n\n\n\n<p>Polic\u00edas y personal del Heroico Cuerpo de Bomberos acudieron a la zona para brindar atenci\u00f3n al joven de 22 a\u00f1os de edad, identificado de manera preliminar como Gelasio Valente S. S., y tras estabilizarlo, lo trasladaron al Hospital Civil \u201cDr. Aurelio Valdivieso\u201d.<\/p>\n\n\n\n<p>Presentaba hipotermia y se hallaba policontundido, as\u00ed como traumatismo en el globo ocular derecho; este d\u00eda lo reportan delicado pero estable de salud; hasta ahora se ignora qui\u00e9n o qui\u00e9nes son los autores de la agresi\u00f3n.<\/p>\n\n\n\n<p>IDENTIFICAN A OCCISOS<\/p>\n\n\n\n<p>Por otra parte, autoridades de la Fiscal\u00eda General del Estado de Oaxaca revelaron los nombres de las personas asesinadas en el transcurso del viernes.<\/p>\n\n\n\n<p>Uno de ellos es Jes\u00fas Gallegos Santiago, de 53 a\u00f1os de edad, ejecutado a balazos en la frente, en la calle Pino Su\u00e1rez del centro de Mat\u00edas Romero Avenda\u00f1o; era originario de la colonia Oaxaque\u00f1a del mismo municipio y a\u00fan no hay pistas del o los agresores.<\/p>\n\n\n\n<p>En tanto, el joven asesinado en la agencia Vicente Guerrero de la Villa de Zaachila, fue identificado como J. A. P. G., de oficio mototaxista; \u00fanicamente por este caso hay una persona detenida.<\/p>\n\n\n\n<p>A su vez, como Jorge C. R., de 25 a\u00f1os de edad, fue identificado el joven ejecutado en el municipio de Putla Villa de Guerrero; el cuerpo con el tiro de gracia se hall\u00f3 maniatado y tirado cerca de la carretera federal 125, en el tramo San Juan Lagunas-Amate Colorado.<\/p>\n\n\n\n<p>De la mujer asesinada ayer por la ma\u00f1ana en jurisdicci\u00f3n de San Antonio de la Cal, a\u00fan no ha sido identificada legalmente.<\/p>\n","protected":false},"excerpt":{"rendered":"<p>Redacci\u00f3n\/Zona Roja. Oaxaca de Ju\u00e1rez, Oax., 10 de enero de 2021.- Un joven originario del&hellip;<\/p>\n","protected":false},"author":2,"featured_media":22255,"comment_status":"closed","ping_status":"open","sticky":false,"template":"","format":"standard","meta":{"_lmt_disableupdate":"","_lmt_disable":"","_jetpack_memberships_contains_paid_content":false,"footnotes":""},"categories":[109,51],"tags":[148],"class_list":["post-22254","post","type-post","status-publish","format-standard","has-post-thumbnail","hentry","category-minuto-a-minuto","category-zona-roja","tag-oaxaca-de-juarez"],"jetpack_featured_media_url":"https:\/\/zonaroja.com.mx\/wp-content\/uploads\/2021\/01\/Golpeado-San-Felipe-del-Agua.jpg","jetpack_sharing_enabled":true,"_links":{"self":[{"href":"https:\/\/zonaroja.com.mx\/index.php?rest_route=\/wp\/v2\/posts\/22254","targetHints":{"allow":["GET"]}}],"collection":[{"href":"https:\/\/zonaroja.com.mx\/index.php?rest_route=\/wp\/v2\/posts"}],"about":[{"href":"https:\/\/zonaroja.com.mx\/index.php?rest_route=\/wp\/v2\/types\/post"}],"author":[{"embeddable":true,"href":"https:\/\/zonaroja.com.mx\/index.php?rest_route=\/wp\/v2\/users\/2"}],"replies":[{"embeddable":true,"href":"https:\/\/zonaroja.com.mx\/index.php?rest_route=%2Fwp%2Fv2%2Fcomments&post=22254"}],"version-history":[{"count":1,"href":"https:\/\/zonaroja.com.mx\/index.php?rest_route=\/wp\/v2\/posts\/22254\/revisions"}],"predecessor-version":[{"id":22256,"href":"https:\/\/zonaroja.com.mx\/index.php?rest_route=\/wp\/v2\/posts\/22254\/revisions\/22256"}],"wp:featuredmedia":[{"embeddable":true,"href":"https:\/\/zonaroja.com.mx\/index.php?rest_route=\/wp\/v2\/media\/22255"}],"wp:attachment":[{"href":"https:\/\/zonaroja.com.mx\/index.php?rest_route=%2Fwp%2Fv2%2Fmedia&parent=22254"}],"wp:term":[{"taxonomy":"category","embeddable":true,"href":"https:\/\/zonaroja.com.mx\/index.php?rest_route=%2Fwp%2Fv2%2Fcategories&post=22254"},{"taxonomy":"post_tag","embeddable":true,"href":"https:\/\/zonaroja.com.mx\/index.php?rest_route=%2Fwp%2Fv2%2Ftags&post=22254"}],"curies":[{"name":"wp","href":"https:\/\/api.w.org\/{rel}","templated":true}]}}