{"id":22257,"date":"2021-01-10T08:04:25","date_gmt":"2021-01-10T14:04:25","guid":{"rendered":"http:\/\/www.zonaroja.com.mx\/?p=22257"},"modified":"2021-01-10T09:07:50","modified_gmt":"2021-01-10T15:07:50","slug":"covid-mortal-en-oaxaca-19-muertos-y-312-casos-en-un-dia-preven-semaforo-rojo","status":"publish","type":"post","link":"https:\/\/zonaroja.com.mx\/?p=22257","title":{"rendered":"Covid mortal en Oaxaca: 19 muertos y 322 casos en un d\u00eda; prev\u00e9n sem\u00e1foro rojo"},"content":{"rendered":"\n<p>Redacci\u00f3n\/Zona Roja.<\/p>\n\n\n\n<p>Oaxaca de Ju\u00e1rez, Oax., 10 de enero de 2021.- El coronavirus alcanz\u00f3 un nuevo r\u00e9cord, al registrarse este s\u00e1bado 322 casos positivos, para un total de 29 mil 648; adem\u00e1s, 19 fallecimientos, que suman dos mil 205 decesos.<\/p>\n\n\n\n<p>Diversas voces, entre ellas en la del dirigente de la Secci\u00f3n 35 del Sindicato Nacional de Trabajadores de la Secretar\u00eda de Salud, han demandado a las autoridades regresar al sem\u00e1foro epidemiol\u00f3gico color rojo, con el fin de implementar un confinamiento social total, a fin de evitar m\u00e1s muertes y contagios; a nivel nacional la medida ya es analizada. <\/p>\n\n\n\n<p>En un comunicado, la dependencia Servicios de Salud de Oaxaca (SSO) advirti\u00f3 que la pandemia contin\u00faa activa y el riesgo de la transmisi\u00f3n y de complicaci\u00f3n de la enfermedad es para todos, por lo que pidi\u00f3 a la sociedad permanecer en casa si es posible, guardar sana distancia y usar cubrebocas al estar en espacios p\u00fablicos, adem\u00e1s de seguir con atenci\u00f3n todas las medidas de prevenci\u00f3n e informaci\u00f3n emitida de manera oficial.<\/p>\n\n\n\n<p>Sobre la inhumaci\u00f3n de cad\u00e1veres Covid, explic\u00f3 que como medida preventiva se proh\u00edbe el servicio de velaci\u00f3n, las ceremonias luctuosas, o cualquier concentraci\u00f3n de personas para despedir a familiares que fallezcan por la infecci\u00f3n respiratoria.<\/p>\n\n\n\n<p>Explic\u00f3 que el 21 de abril del 2020 se dio la \u00faltima modificaci\u00f3n a los lineamientos para el manejo del cad\u00e1ver SARS-CoV-2, en los que se establece un proceso multidisciplinario que involucra diferentes categor\u00edas para el manejo seguro, traslado y disposici\u00f3n final de personas fallecidas debido al virus, que deber\u00e1n aplicar los trabajadores sanitarios, cementerios, crematorios, funerarias y anfiteatros.<\/p>\n\n\n\n<p>Ello como principio de precauci\u00f3n y a fin de evitar la propagaci\u00f3n de la patolog\u00eda respiratoria, adem\u00e1s se basa en la premisa de que lo principal es la seguridad del trabajador, de los familiares y de todo el personal involucrado en el manejo del cuerpo, enfatiz\u00f3.<\/p>\n\n\n\n<p>Detall\u00f3 que dentro de la norma se establece que el personal sanitario en el \u00e1rea, use adecuadamente el Equipo de Protecci\u00f3n Personal (EPP), y respecto a la manipulaci\u00f3n del cad\u00e1ver, este deber\u00e1 introducirse en una bolsa sanitaria con cierre herm\u00e9tico plastificado dentro de la propia habitaci\u00f3n de aislamiento, una vez cerrada se debe rociar en su totalidad con desinfectante de uso hospitalario o con una soluci\u00f3n de hipoclorito de sodio al 1%.&nbsp; Al finalizar se colocar\u00e1 una ficha en el frente de la bolsa con los datos de identificaci\u00f3n de la persona fallecida.<\/p>\n\n\n\n<p>En relaci\u00f3n a las empresas funerarias, precis\u00f3 que estas son las responsables de la adecuada clasificaci\u00f3n y manejo de Residuos Peligrosos Biol\u00f3gico Infecciosos (RPBI), mismos que deber\u00e1n ser entregados a la empresa autorizada para su recolecci\u00f3n y destino final. No se deben realizar intervenciones de higienizaci\u00f3n, conservaci\u00f3n, embalsamamiento, restauraci\u00f3n, reconstrucci\u00f3n y cuidado est\u00e9tico sobre el cad\u00e1ver.<\/p>\n\n\n\n<p>Hizo hincapi\u00e9 en que despu\u00e9s de la transferencia del cuerpo al personal para inhumaci\u00f3n o cremaci\u00f3n, el veh\u00edculo a utilizar debe ser descontaminado, no se autoriza la salida para el traslado internacional de cad\u00e1veres para personas fallecidas en Oaxaca, el traslado internacional de cenizas, deber\u00e1 realizarse conforme a lo establecido en la Legislaci\u00f3n Federal aplicable en la materia.<\/p>\n\n\n\n<p>El destino final, podr\u00e1 ser mediante inhumaci\u00f3n o cremaci\u00f3n, conforme a lo se\u00f1alado en el Reglamento de la Ley General de Salud en materia de control sanitario de la disposici\u00f3n \u00f3rganos, tejidos y cad\u00e1veres de seres humanos, y debe realizarse de forma inmediata, indic\u00f3.<\/p>\n\n\n\n<p>Advirti\u00f3 que no se permite el contacto con el cad\u00e1ver, ni su visualizaci\u00f3n, el cuerpo debe estar en un f\u00e9retro sellado, asimismo est\u00e1n prohibidos los velatorios en domicilios particulares, \u201cLas Autoridades Municipales colaboraran adoptando medidas sanitarias durante la inhumaci\u00f3n sin discriminaci\u00f3n alguna, as\u00ed como dar el seguimiento al cumplimiento de los lineamientos\u201d.<\/p>\n","protected":false},"excerpt":{"rendered":"<p>Redacci\u00f3n\/Zona Roja. Oaxaca de Ju\u00e1rez, Oax., 10 de enero de 2021.- El coronavirus alcanz\u00f3 un&hellip;<\/p>\n","protected":false},"author":2,"featured_media":22258,"comment_status":"closed","ping_status":"open","sticky":false,"template":"","format":"standard","meta":{"_lmt_disableupdate":"","_lmt_disable":"","_jetpack_memberships_contains_paid_content":false,"footnotes":""},"categories":[109,47],"tags":[1512],"class_list":["post-22257","post","type-post","status-publish","format-standard","has-post-thumbnail","hentry","category-minuto-a-minuto","category-zona-gris","tag-coronavirus-oaxaca"],"jetpack_featured_media_url":"https:\/\/zonaroja.com.mx\/wp-content\/uploads\/2021\/01\/Covid-Oaxaca-1.jpg","jetpack_sharing_enabled":true,"_links":{"self":[{"href":"https:\/\/zonaroja.com.mx\/index.php?rest_route=\/wp\/v2\/posts\/22257","targetHints":{"allow":["GET"]}}],"collection":[{"href":"https:\/\/zonaroja.com.mx\/index.php?rest_route=\/wp\/v2\/posts"}],"about":[{"href":"https:\/\/zonaroja.com.mx\/index.php?rest_route=\/wp\/v2\/types\/post"}],"author":[{"embeddable":true,"href":"https:\/\/zonaroja.com.mx\/index.php?rest_route=\/wp\/v2\/users\/2"}],"replies":[{"embeddable":true,"href":"https:\/\/zonaroja.com.mx\/index.php?rest_route=%2Fwp%2Fv2%2Fcomments&post=22257"}],"version-history":[{"count":3,"href":"https:\/\/zonaroja.com.mx\/index.php?rest_route=\/wp\/v2\/posts\/22257\/revisions"}],"predecessor-version":[{"id":22262,"href":"https:\/\/zonaroja.com.mx\/index.php?rest_route=\/wp\/v2\/posts\/22257\/revisions\/22262"}],"wp:featuredmedia":[{"embeddable":true,"href":"https:\/\/zonaroja.com.mx\/index.php?rest_route=\/wp\/v2\/media\/22258"}],"wp:attachment":[{"href":"https:\/\/zonaroja.com.mx\/index.php?rest_route=%2Fwp%2Fv2%2Fmedia&parent=22257"}],"wp:term":[{"taxonomy":"category","embeddable":true,"href":"https:\/\/zonaroja.com.mx\/index.php?rest_route=%2Fwp%2Fv2%2Fcategories&post=22257"},{"taxonomy":"post_tag","embeddable":true,"href":"https:\/\/zonaroja.com.mx\/index.php?rest_route=%2Fwp%2Fv2%2Ftags&post=22257"}],"curies":[{"name":"wp","href":"https:\/\/api.w.org\/{rel}","templated":true}]}}