{"id":2226,"date":"2019-07-13T10:45:23","date_gmt":"2019-07-13T15:45:23","guid":{"rendered":"http:\/\/www.zonaroja.com.mx\/?p=2226"},"modified":"2019-07-13T10:45:25","modified_gmt":"2019-07-13T15:45:25","slug":"mas-violencia-en-istmo-asalto-a-autobus-quema-de-restaurante-ataque-a-balazos","status":"publish","type":"post","link":"https:\/\/zonaroja.com.mx\/?p=2226","title":{"rendered":"M\u00e1s violencia en Istmo: asalto a autob\u00fas, quema de restaurante, ataque a balazos"},"content":{"rendered":"\n<p>Ismael\nGarc\u00eda M.<\/p>\n\n\n\n<p>Oaxaca de\nJu\u00e1rez, Oax., 13 de julio de 2019.- Un asalto a un autob\u00fas de pasajeros, la\nquema de un restaurante y un ataque a balazos, es el saldo de la violencia\nregistrada esta ma\u00f1ana en la regi\u00f3n del Istmo de Tehuantepec.<\/p>\n\n\n\n<p>En los\nprimeros minutos de este s\u00e1bado, fue atracada una unidad de la l\u00ednea Autobuses\nCrist\u00f3bal col\u00f3n, que hab\u00eda salido de Salina Cruz a las 23:30 horas con destino\na Tuxtla Guti\u00e9rrez, Chiapas.<\/p>\n\n\n\n<p>Al circular\nen el tramo carretero Juchit\u00e1n-Tehuantepec, a la altura del paraje \u201cPuente\nMadera\u201d, fue interceptada por un grupo armado, que los oblig\u00f3 a salir de la\nruta e internarse a un camino de terracer\u00eda, donde fueron asaltados todos los\npasajeros. <\/p>\n\n\n\n<p>Tambi\u00e9n esta\nmadrugada pero en Juchit\u00e1n de Zaragoza, se registr\u00f3 un incendio en el\nrestaurante \u201cSan Rafael\u201d, ubicado en la calle 5 de Septiembre esquina con\navenida Hidalgo.<\/p>\n\n\n\n<p>En la parte\nalta de ese establecimiento se ubican oficinas de la Direcci\u00f3n del Registro\nCivil, que no fueron alcanzadas por el fuego. Personal de Bomberos arrib\u00f3 al\nlugar para evitar que hubiera da\u00f1os materiales.<\/p>\n\n\n\n<p>Mientras\ntanto en Salina Cruz, tambi\u00e9n esta madrugada, tres personas que viajaban a\nbordo de un veh\u00edculo, fueron atacadas a balazos frente al Hospital de\nEspecialidades, por parte de sujetos desconocidos.<\/p>\n\n\n\n<p>Uno de ellos\nresult\u00f3 lesionado de gravedad, por lo cual fue ingresado al nosocomio; hasta el\nmomento no hay personas detenidas por esos hechos.<\/p>\n","protected":false},"excerpt":{"rendered":"<p>Ismael Garc\u00eda M. Oaxaca de Ju\u00e1rez, Oax., 13 de julio de 2019.- Un asalto a&hellip;<\/p>\n","protected":false},"author":2,"featured_media":1787,"comment_status":"closed","ping_status":"open","sticky":false,"template":"","format":"standard","meta":{"_lmt_disableupdate":"","_lmt_disable":"","_jetpack_memberships_contains_paid_content":false,"footnotes":""},"categories":[109,51],"tags":[],"class_list":["post-2226","post","type-post","status-publish","format-standard","has-post-thumbnail","hentry","category-minuto-a-minuto","category-zona-roja"],"jetpack_featured_media_url":"https:\/\/zonaroja.com.mx\/wp-content\/uploads\/2019\/06\/IMG_2483.jpg","jetpack_sharing_enabled":true,"_links":{"self":[{"href":"https:\/\/zonaroja.com.mx\/index.php?rest_route=\/wp\/v2\/posts\/2226","targetHints":{"allow":["GET"]}}],"collection":[{"href":"https:\/\/zonaroja.com.mx\/index.php?rest_route=\/wp\/v2\/posts"}],"about":[{"href":"https:\/\/zonaroja.com.mx\/index.php?rest_route=\/wp\/v2\/types\/post"}],"author":[{"embeddable":true,"href":"https:\/\/zonaroja.com.mx\/index.php?rest_route=\/wp\/v2\/users\/2"}],"replies":[{"embeddable":true,"href":"https:\/\/zonaroja.com.mx\/index.php?rest_route=%2Fwp%2Fv2%2Fcomments&post=2226"}],"version-history":[{"count":1,"href":"https:\/\/zonaroja.com.mx\/index.php?rest_route=\/wp\/v2\/posts\/2226\/revisions"}],"predecessor-version":[{"id":2227,"href":"https:\/\/zonaroja.com.mx\/index.php?rest_route=\/wp\/v2\/posts\/2226\/revisions\/2227"}],"wp:featuredmedia":[{"embeddable":true,"href":"https:\/\/zonaroja.com.mx\/index.php?rest_route=\/wp\/v2\/media\/1787"}],"wp:attachment":[{"href":"https:\/\/zonaroja.com.mx\/index.php?rest_route=%2Fwp%2Fv2%2Fmedia&parent=2226"}],"wp:term":[{"taxonomy":"category","embeddable":true,"href":"https:\/\/zonaroja.com.mx\/index.php?rest_route=%2Fwp%2Fv2%2Fcategories&post=2226"},{"taxonomy":"post_tag","embeddable":true,"href":"https:\/\/zonaroja.com.mx\/index.php?rest_route=%2Fwp%2Fv2%2Ftags&post=2226"}],"curies":[{"name":"wp","href":"https:\/\/api.w.org\/{rel}","templated":true}]}}